{"id":7488,"date":"2023-10-18T14:10:46","date_gmt":"2023-10-18T14:10:46","guid":{"rendered":"https:\/\/ladepeche.mr\/?p=7488"},"modified":"2023-10-18T14:10:46","modified_gmt":"2023-10-18T14:10:46","slug":"les-presidents-des-federations-marocaine-espagnole-et-portugaise-appuient-la-candidature-mondial-2030","status":"publish","type":"post","link":"https:\/\/ladepeche.mr\/?p=7488","title":{"rendered":"Les pr\u00e9sidents des f\u00e9d\u00e9rations, Marocaine, espagnole et portugaise appuient la candidature Mondial 2030"},"content":{"rendered":"<p>Les pr\u00e9sidents des f\u00e9d\u00e9rations du Maroc, du Portugal et de l\u2019Espagne se sont r\u00e9unis mercredi matin \u00e0 Lisbonne dans le cadre de la candidature commune \u00e0 l\u2019organisation de la Coupe du monde 2030.<\/p>\n<p>Le sommet des dirigeants a r\u00e9uni Fernando Gomes (F\u00e9d\u00e9ration Portugaise de Football), Fouzi Lekjaa (F\u00e9d\u00e9ration Royale Marocaine de Football) et Pedro Rocha (F\u00e9d\u00e9ration Royale Espagnole de Football) et a permis de poursuivre la pr\u00e9paration de la candidature qui unit deux continents et vise \u00e0 \u00eatre la meilleure de l\u2019histoire pour une Coupe du monde.<\/p>\n<p>C\u2019\u00e9tait la deuxi\u00e8me fois que les pr\u00e9sidents des trois associations se r\u00e9unissaient, mais la premi\u00e8re apr\u00e8s la d\u00e9cision de la FIFA sur la Coupe du monde 2030 \u00e9tait connue.<\/p>\n<p>Lors de la r\u00e9union qui s\u2019est tenue \u00e0 Cidade do Futebol, si\u00e8ge de la FPF, il a \u00e9t\u00e9 d\u00e9cid\u00e9 de pr\u00e9senter le 28 octobre la lettre d\u2019intention \u00e0 l\u2019organisation de la Coupe du monde, remplissant ainsi l\u2019une des exigences du processus de candidature.<\/p>\n<p>Il s\u2019agira de la premi\u00e8re \u00e9tape formelle vers la candidature commune et d\u00e9montrera l\u2019engagement du Maroc, du Portugal et de l\u2019Espagne \u00e0 organiser une Coupe du monde r\u00e9ussie.<\/p>\n<p>Ce moment solennel aura lieu \u00e0 Rabat et sera suivi d\u2019une conf\u00e9rence de presse \u00e0 laquelle participeront les pr\u00e9sidents des trois f\u00e9d\u00e9rations.<\/p>\n<p>Dans le m\u00eame temps, le comit\u00e9 de candidature de la Coupe du monde 2030 a poursuivi ses travaux et, \u00e9galement ce mercredi, \u00e0 Madrid, a tenu une autre r\u00e9union de suivi du projet.<br \/>\nhttps:\/\/site.frmf.ma\/fr\/le-sommet-des-dirigeants-a-lisbonne-prevoit-la-remise-de-la-lettre-dintention-qui-sera-officialisee-le-28\/<\/p>\n","protected":false},"excerpt":{"rendered":"<p>Les pr\u00e9sidents des f\u00e9d\u00e9rations du Maroc, du Portugal et de l\u2019Espagne se sont r\u00e9unis mercredi matin \u00e0 Lisbonne dans le cadre de la candidature commune \u00e0 l\u2019organisation de la Coupe du monde 2030. Le sommet des dirigeants a r\u00e9uni Fernando Gomes (F\u00e9d\u00e9ration Portugaise de Football), Fouzi Lekjaa (F\u00e9d\u00e9ration Royale Marocaine de Football) et Pedro Rocha &hellip;<\/p>\n","protected":false},"author":2,"featured_media":7489,"comment_status":"open","ping_status":"open","sticky":false,"template":"","format":"standard","meta":{"footnotes":""},"categories":[18,17],"tags":[],"class_list":["post-7488","post","type-post","status-publish","format-standard","has-post-thumbnail","hentry","category-actualites","category-sports"],"_links":{"self":[{"href":"https:\/\/ladepeche.mr\/index.php?rest_route=\/wp\/v2\/posts\/7488","targetHints":{"allow":["GET"]}}],"collection":[{"href":"https:\/\/ladepeche.mr\/index.php?rest_route=\/wp\/v2\/posts"}],"about":[{"href":"https:\/\/ladepeche.mr\/index.php?rest_route=\/wp\/v2\/types\/post"}],"author":[{"embeddable":true,"href":"https:\/\/ladepeche.mr\/index.php?rest_route=\/wp\/v2\/users\/2"}],"replies":[{"embeddable":true,"href":"https:\/\/ladepeche.mr\/index.php?rest_route=%2Fwp%2Fv2%2Fcomments&post=7488"}],"version-history":[{"count":1,"href":"https:\/\/ladepeche.mr\/index.php?rest_route=\/wp\/v2\/posts\/7488\/revisions"}],"predecessor-version":[{"id":7490,"href":"https:\/\/ladepeche.mr\/index.php?rest_route=\/wp\/v2\/posts\/7488\/revisions\/7490"}],"wp:featuredmedia":[{"embeddable":true,"href":"https:\/\/ladepeche.mr\/index.php?rest_route=\/wp\/v2\/media\/7489"}],"wp:attachment":[{"href":"https:\/\/ladepeche.mr\/index.php?rest_route=%2Fwp%2Fv2%2Fmedia&parent=7488"}],"wp:term":[{"taxonomy":"category","embeddable":true,"href":"https:\/\/ladepeche.mr\/index.php?rest_route=%2Fwp%2Fv2%2Fcategories&post=7488"},{"taxonomy":"post_tag","embeddable":true,"href":"https:\/\/ladepeche.mr\/index.php?rest_route=%2Fwp%2Fv2%2Ftags&post=7488"}],"curies":[{"name":"wp","href":"https:\/\/api.w.org\/{rel}","templated":true}]}}