{"id":7519,"date":"2023-10-19T19:48:57","date_gmt":"2023-10-19T19:48:57","guid":{"rendered":"https:\/\/ladepeche.mr\/?p=7519"},"modified":"2023-10-19T19:55:39","modified_gmt":"2023-10-19T19:55:39","slug":"monsieur-le-gouverneur-mohamed-lemine-dhehby-accueille-une-mission-du-fonds-monetaire-international","status":"publish","type":"post","link":"https:\/\/ladepeche.mr\/?p=7519","title":{"rendered":"Le Gouverneur, Mohamed-Lemine DHEHBY, accueille une mission du Fonds mon\u00e9taire international"},"content":{"rendered":"<p>Le Gouverneur de la Banque centrale de Mauritanie, M. Mohamed-Lemine DHEHBY, a accueilli la mission du Fonds mon\u00e9taire international (FMI) pour la Mauritanie qui s\u00e9journera dans le pays du 16 au 27 octobre 2023. Cette mission, conduite par le chef de mission pour la Mauritanie, M. F\u00e9lix Fischer, effectue la premi\u00e8re revue du programme de facilit\u00e9 \u00e9largie de cr\u00e9dit (FEC) et du M\u00e9canisme \u00e9largi de cr\u00e9dit (MEDC), conclu avec les services du FMI en d\u00e9but d\u2019ann\u00e9e, et examine l\u2019\u00e9ligibilit\u00e9 de la Mauritanie au fonds de r\u00e9silience et de durabilit\u00e9.<\/p>\n<p>Le chef de mission, M. F\u00e9lix Fischer, (\u00e9tait) accompagn\u00e9 de Mme Anta Ndoye, repr\u00e9sentante r\u00e9sidente du FMI en Mauritanie, ainsi que de son \u00e9quipe compos\u00e9e de : M. Onur Ozlu , \u00c9conomiste (MCD), M. Fay\u00e7al Sawadogo , \u00c9conomiste (FAD), M. Benjamin Kett , \u00c9conomiste (SPR), Mme Sylke von Thadden-Kostopoulos , \u00c9conomiste (FAD), et M. Ibrahima Ball , \u00c9conomiste local (Mission r\u00e9sidente).<br \/>\nSource BCM<\/p>\n","protected":false},"excerpt":{"rendered":"<p>Le Gouverneur de la Banque centrale de Mauritanie, M. Mohamed-Lemine DHEHBY, a accueilli la mission du Fonds mon\u00e9taire international (FMI) pour la Mauritanie qui s\u00e9journera dans le pays du 16 au 27 octobre 2023. Cette mission, conduite par le chef de mission pour la Mauritanie, M. F\u00e9lix Fischer, effectue la premi\u00e8re revue du programme de &hellip;<\/p>\n","protected":false},"author":2,"featured_media":7521,"comment_status":"open","ping_status":"open","sticky":false,"template":"","format":"standard","meta":{"footnotes":""},"categories":[18,2],"tags":[],"class_list":["post-7519","post","type-post","status-publish","format-standard","has-post-thumbnail","hentry","category-actualites","category-economie"],"_links":{"self":[{"href":"https:\/\/ladepeche.mr\/index.php?rest_route=\/wp\/v2\/posts\/7519","targetHints":{"allow":["GET"]}}],"collection":[{"href":"https:\/\/ladepeche.mr\/index.php?rest_route=\/wp\/v2\/posts"}],"about":[{"href":"https:\/\/ladepeche.mr\/index.php?rest_route=\/wp\/v2\/types\/post"}],"author":[{"embeddable":true,"href":"https:\/\/ladepeche.mr\/index.php?rest_route=\/wp\/v2\/users\/2"}],"replies":[{"embeddable":true,"href":"https:\/\/ladepeche.mr\/index.php?rest_route=%2Fwp%2Fv2%2Fcomments&post=7519"}],"version-history":[{"count":4,"href":"https:\/\/ladepeche.mr\/index.php?rest_route=\/wp\/v2\/posts\/7519\/revisions"}],"predecessor-version":[{"id":7524,"href":"https:\/\/ladepeche.mr\/index.php?rest_route=\/wp\/v2\/posts\/7519\/revisions\/7524"}],"wp:featuredmedia":[{"embeddable":true,"href":"https:\/\/ladepeche.mr\/index.php?rest_route=\/wp\/v2\/media\/7521"}],"wp:attachment":[{"href":"https:\/\/ladepeche.mr\/index.php?rest_route=%2Fwp%2Fv2%2Fmedia&parent=7519"}],"wp:term":[{"taxonomy":"category","embeddable":true,"href":"https:\/\/ladepeche.mr\/index.php?rest_route=%2Fwp%2Fv2%2Fcategories&post=7519"},{"taxonomy":"post_tag","embeddable":true,"href":"https:\/\/ladepeche.mr\/index.php?rest_route=%2Fwp%2Fv2%2Ftags&post=7519"}],"curies":[{"name":"wp","href":"https:\/\/api.w.org\/{rel}","templated":true}]}}