{"id":7529,"date":"2023-10-20T11:26:20","date_gmt":"2023-10-20T11:26:20","guid":{"rendered":"https:\/\/ladepeche.mr\/?p=7529"},"modified":"2023-10-20T11:26:20","modified_gmt":"2023-10-20T11:26:20","slug":"le-president-ghazoauni-participe-a-un-sommet-sur-la-cause-palestinienne-qui-aura-lieu-samedi-en-egypte","status":"publish","type":"post","link":"https:\/\/ladepeche.mr\/?p=7529","title":{"rendered":"Le pr\u00e9sident Ghazoauni participe \u00e0 un sommet sur la &#8220;cause palestinienne&#8221; qui aura lieu samedi en \u00c9gypte"},"content":{"rendered":"<p> Le Pr\u00e9sident de la R\u00e9publique, Son Excellence Monsieur Mohamed Ould Cheikh El Ghazouani a quitt\u00e9 Nouakchott ce vendredi pour le Caire o\u00f9 il prendra part au Sommet qui discutera des d\u00e9veloppements et de l\u2019avenir de la cause palestinienne et du processus de paix.<\/p>\n<p>Le Pr\u00e9sident de la R\u00e9publique a \u00e9t\u00e9 salu\u00e9 \u00e0 son d\u00e9part de l\u2019a\u00e9roport international de Nouakchott \u201cOumtounsy\u201d par le Premier ministre, M. Mohamed Ould Bilal Messoud, le ministre secr\u00e9taire g\u00e9n\u00e9ral de la Pr\u00e9sidence de la R\u00e9publique, les deux ministres conseillers \u00e0 la Pr\u00e9sidence de la R\u00e9publique, des membres du gouvernement, le chef d\u2019\u00e9tat-major particulier du Pr\u00e9sident de la R\u00e9publique, la directrice adjointe de cabinet du Pr\u00e9sident de la R\u00e9publique, le wali de Nouakchott ouest et la pr\u00e9sidente du conseil r\u00e9gional de Nouakchott.<\/p>\n<p>Son Excellence Monsieur Mohamed Ould Cheikh El Ghazouani est accompagn\u00e9 par une importante d\u00e9l\u00e9gation comprenant MM:<\/p>\n<p>-Mokhtar Ould Diay, ministre charg\u00e9 de cabinet du Pr\u00e9sident de la R\u00e9publique<\/p>\n<p>-El Hassen Ould Dyh, ambassadeur de Mauritanie au Caire<\/p>\n<p>-Ahmed Ould Bahini, charg\u00e9 de mission \u00e0 la Pr\u00e9sidence de la R\u00e9publique<\/p>\n<p>-Salah Ould Dehmache, charg\u00e9 de mission \u00e0 la Pr\u00e9sidence de la R\u00e9publique<\/p>\n<p>-El Hassen Ould Ahmed, directeur g\u00e9n\u00e9ral du protocole d\u2019Etat.<\/p>\n<p>Ami<\/p>\n","protected":false},"excerpt":{"rendered":"<p>Le Pr\u00e9sident de la R\u00e9publique, Son Excellence Monsieur Mohamed Ould Cheikh El Ghazouani a quitt\u00e9 Nouakchott ce vendredi pour le Caire o\u00f9 il prendra part au Sommet qui discutera des d\u00e9veloppements et de l\u2019avenir de la cause palestinienne et du processus de paix. Le Pr\u00e9sident de la R\u00e9publique a \u00e9t\u00e9 salu\u00e9 \u00e0 son d\u00e9part de &hellip;<\/p>\n","protected":false},"author":2,"featured_media":7530,"comment_status":"open","ping_status":"open","sticky":false,"template":"","format":"standard","meta":{"footnotes":""},"categories":[18,29],"tags":[],"class_list":["post-7529","post","type-post","status-publish","format-standard","has-post-thumbnail","hentry","category-actualites","category-monde"],"_links":{"self":[{"href":"https:\/\/ladepeche.mr\/index.php?rest_route=\/wp\/v2\/posts\/7529","targetHints":{"allow":["GET"]}}],"collection":[{"href":"https:\/\/ladepeche.mr\/index.php?rest_route=\/wp\/v2\/posts"}],"about":[{"href":"https:\/\/ladepeche.mr\/index.php?rest_route=\/wp\/v2\/types\/post"}],"author":[{"embeddable":true,"href":"https:\/\/ladepeche.mr\/index.php?rest_route=\/wp\/v2\/users\/2"}],"replies":[{"embeddable":true,"href":"https:\/\/ladepeche.mr\/index.php?rest_route=%2Fwp%2Fv2%2Fcomments&post=7529"}],"version-history":[{"count":1,"href":"https:\/\/ladepeche.mr\/index.php?rest_route=\/wp\/v2\/posts\/7529\/revisions"}],"predecessor-version":[{"id":7531,"href":"https:\/\/ladepeche.mr\/index.php?rest_route=\/wp\/v2\/posts\/7529\/revisions\/7531"}],"wp:featuredmedia":[{"embeddable":true,"href":"https:\/\/ladepeche.mr\/index.php?rest_route=\/wp\/v2\/media\/7530"}],"wp:attachment":[{"href":"https:\/\/ladepeche.mr\/index.php?rest_route=%2Fwp%2Fv2%2Fmedia&parent=7529"}],"wp:term":[{"taxonomy":"category","embeddable":true,"href":"https:\/\/ladepeche.mr\/index.php?rest_route=%2Fwp%2Fv2%2Fcategories&post=7529"},{"taxonomy":"post_tag","embeddable":true,"href":"https:\/\/ladepeche.mr\/index.php?rest_route=%2Fwp%2Fv2%2Ftags&post=7529"}],"curies":[{"name":"wp","href":"https:\/\/api.w.org\/{rel}","templated":true}]}}