{"id":7533,"date":"2023-10-20T11:44:29","date_gmt":"2023-10-20T11:44:29","guid":{"rendered":"https:\/\/ladepeche.mr\/?p=7533"},"modified":"2023-10-20T11:45:15","modified_gmt":"2023-10-20T11:45:15","slug":"mauritanie-mobilisation-a-nouakchoot-des-journalistes-en-soutien-aux-palestiniens","status":"publish","type":"post","link":"https:\/\/ladepeche.mr\/?p=7533","title":{"rendered":"Mauritanie : mobilisation \u00e0 Nouakchott des journalistes en soutien aux Palestiniens"},"content":{"rendered":"<p>Le Syndicat des Journalistes mauritaniens a organis\u00e9, jeudi, une manifestation devant le si\u00e8ge des Nations Unies \u00e0 Nouakchott, en solidarit\u00e9 avec le peuple palestinien, soumis \u00e0 une agression perp\u00e9tuelle de l\u2019occupation isra\u00e9lienne affectant toute la bande de Gaza.<\/p>\n<p>Les journalistes participant \u00e0 cette manifestation ont d\u00e9nonc\u00e9 l\u2019attaque contre l\u2019h\u00f4pital baptiste de Gharra, scandant le slogan : &#8220;le peuple veut mettre fin \u00e0 l\u2019occupation&#8221;, brandissant des photos des martyrs des bombardements isra\u00e9liens sur Gaza.<\/p>\n<p>Le pr\u00e9sident du SJM, M. Ahmed Taleb Ould Maaloum, a d\u00e9clar\u00e9 que &#8220;depuis environ deux semaines, la machine d\u2019occupation isra\u00e9lienne poursuit ses terribles massacres contre des fr\u00e8res dans les territoires palestiniens occup\u00e9s, notamment dans la bande de Gaza&#8221;, a \u2013 t-il martel\u00e9.<\/p>\n<p>Il a ajout\u00e9 que cette agression injuste a, jusqu\u2019\u00e0 pr\u00e9sent, entra\u00een\u00e9 la mort et la blessure de milliers de citoyens innocents, dont la majorit\u00e9 sont des femmes et des enfants.<\/p>\n<p>Il a soulign\u00e9 que l\u2019ennemi a montr\u00e9, d\u00e8s le d\u00e9but, sa volont\u00e9 de falsifier les faits et d\u2019induire l\u2019opinion publique mondiale en erreur en pr\u00e9sentant des informations trompeuses dont le monde a vite d\u00e9couvert la fausset\u00e9, m\u00eame si certains ont continu\u00e9 \u00e0 les r\u00e9p\u00e9ter afin de commercialiser cette fausse version de \u00e9v\u00e9nements et accepter l\u2019effusion du sang palestinien.<\/p>\n<p>Ould Maaloum a ajout\u00e9 que, dans ce contexte, il n\u2019est pas surprenant que les confr\u00e8res journalistes soient en premi\u00e8re ligne des personnes vis\u00e9es, car &#8220;ceux qui cherchent \u00e0 d\u00e9former la v\u00e9rit\u00e9 sont le premier ennemi des journalistes, bien que ce m\u00e9tier ne repr\u00e9sente pas un crime&#8221;.<\/p>\n<p>Il a appel\u00e9 \u00e0 l\u2019arr\u00eat imm\u00e9diat de cette agression criminelle, qui r\u00e9v\u00e8le sans ambigu\u00eft\u00e9 la fausset\u00e9 du concept du &#8220;monde civilis\u00e9&#8221;, que certains d\u00e9noncent depuis plusieurs d\u00e9cennies, appelant \u00e0 la protection des journalistes et \u00e0 incriminer les responsables de ces crimes.<br \/>\nAmi<\/p>\n","protected":false},"excerpt":{"rendered":"<p>Le Syndicat des Journalistes mauritaniens a organis\u00e9, jeudi, une manifestation devant le si\u00e8ge des Nations Unies \u00e0 Nouakchott, en solidarit\u00e9 avec le peuple palestinien, soumis \u00e0 une agression perp\u00e9tuelle de l\u2019occupation isra\u00e9lienne affectant toute la bande de Gaza. Les journalistes participant \u00e0 cette manifestation ont d\u00e9nonc\u00e9 l\u2019attaque contre l\u2019h\u00f4pital baptiste de Gharra, scandant le slogan &hellip;<\/p>\n","protected":false},"author":2,"featured_media":7534,"comment_status":"open","ping_status":"open","sticky":false,"template":"","format":"standard","meta":{"footnotes":""},"categories":[18,29],"tags":[],"class_list":["post-7533","post","type-post","status-publish","format-standard","has-post-thumbnail","hentry","category-actualites","category-monde"],"_links":{"self":[{"href":"https:\/\/ladepeche.mr\/index.php?rest_route=\/wp\/v2\/posts\/7533","targetHints":{"allow":["GET"]}}],"collection":[{"href":"https:\/\/ladepeche.mr\/index.php?rest_route=\/wp\/v2\/posts"}],"about":[{"href":"https:\/\/ladepeche.mr\/index.php?rest_route=\/wp\/v2\/types\/post"}],"author":[{"embeddable":true,"href":"https:\/\/ladepeche.mr\/index.php?rest_route=\/wp\/v2\/users\/2"}],"replies":[{"embeddable":true,"href":"https:\/\/ladepeche.mr\/index.php?rest_route=%2Fwp%2Fv2%2Fcomments&post=7533"}],"version-history":[{"count":2,"href":"https:\/\/ladepeche.mr\/index.php?rest_route=\/wp\/v2\/posts\/7533\/revisions"}],"predecessor-version":[{"id":7536,"href":"https:\/\/ladepeche.mr\/index.php?rest_route=\/wp\/v2\/posts\/7533\/revisions\/7536"}],"wp:featuredmedia":[{"embeddable":true,"href":"https:\/\/ladepeche.mr\/index.php?rest_route=\/wp\/v2\/media\/7534"}],"wp:attachment":[{"href":"https:\/\/ladepeche.mr\/index.php?rest_route=%2Fwp%2Fv2%2Fmedia&parent=7533"}],"wp:term":[{"taxonomy":"category","embeddable":true,"href":"https:\/\/ladepeche.mr\/index.php?rest_route=%2Fwp%2Fv2%2Fcategories&post=7533"},{"taxonomy":"post_tag","embeddable":true,"href":"https:\/\/ladepeche.mr\/index.php?rest_route=%2Fwp%2Fv2%2Ftags&post=7533"}],"curies":[{"name":"wp","href":"https:\/\/api.w.org\/{rel}","templated":true}]}}