{"id":7537,"date":"2023-10-20T13:14:37","date_gmt":"2023-10-20T13:14:37","guid":{"rendered":"https:\/\/ladepeche.mr\/?p=7537"},"modified":"2023-10-20T13:14:37","modified_gmt":"2023-10-20T13:14:37","slug":"la-mauritanie-et-la-jordanie-appellent-a-une-session-extraordinaire-de-lassemblee-generale-de-lonu-sur-gaza","status":"publish","type":"post","link":"https:\/\/ladepeche.mr\/?p=7537","title":{"rendered":"La Mauritanie et la Jordanie appellent \u00e0 une session extraordinaire de l\u2019Assembl\u00e9e g\u00e9n\u00e9rale de l\u2019ONU sur Gaza"},"content":{"rendered":"<p>La Mauritanie et la Jordanie ont appel\u00e9 le pr\u00e9sident de l\u2019Assembl\u00e9e g\u00e9n\u00e9rale des Nations Unies, M. Dennis Francis, \u00e0 reprendre les travaux de la dixi\u00e8me session extraordinaire afin de traiter la crise r\u00e9sultant de l\u2019agression des forces d\u2019occupation isra\u00e9liennes contre la bande de Gaza, suite \u00e0 l\u2019\u00e9chec du Conseil de s\u00e9curit\u00e9 des Nations Unies \u00e0 traiter la question.<\/p>\n<p>Cette demande a \u00e9t\u00e9 formul\u00e9e dans une lettre conjointe sign\u00e9e par l\u2019ambassadeur et repr\u00e9sentant permanent de la Mauritanie aupr\u00e8s de l\u2019ONU, SEM. Sidi Ould Mohamed Laghdaf, en sa qualit\u00e9 de pr\u00e9sident du groupe islamique \u00e0 New York, et l\u2019Ambassadeur et repr\u00e9sentant permanent du Royaume hach\u00e9mite de Jordanie, SEM. Mahmoud Hamoud, en sa qualit\u00e9 de pr\u00e9sident du groupe arabe \u00e0 New York pour le mois d\u2019octobre.<br \/>\nAmi<\/p>\n","protected":false},"excerpt":{"rendered":"<p>La Mauritanie et la Jordanie ont appel\u00e9 le pr\u00e9sident de l\u2019Assembl\u00e9e g\u00e9n\u00e9rale des Nations Unies, M. Dennis Francis, \u00e0 reprendre les travaux de la dixi\u00e8me session extraordinaire afin de traiter la crise r\u00e9sultant de l\u2019agression des forces d\u2019occupation isra\u00e9liennes contre la bande de Gaza, suite \u00e0 l\u2019\u00e9chec du Conseil de s\u00e9curit\u00e9 des Nations Unies \u00e0 &hellip;<\/p>\n","protected":false},"author":2,"featured_media":7538,"comment_status":"open","ping_status":"open","sticky":false,"template":"","format":"standard","meta":{"footnotes":""},"categories":[18,29],"tags":[],"class_list":["post-7537","post","type-post","status-publish","format-standard","has-post-thumbnail","hentry","category-actualites","category-monde"],"_links":{"self":[{"href":"https:\/\/ladepeche.mr\/index.php?rest_route=\/wp\/v2\/posts\/7537","targetHints":{"allow":["GET"]}}],"collection":[{"href":"https:\/\/ladepeche.mr\/index.php?rest_route=\/wp\/v2\/posts"}],"about":[{"href":"https:\/\/ladepeche.mr\/index.php?rest_route=\/wp\/v2\/types\/post"}],"author":[{"embeddable":true,"href":"https:\/\/ladepeche.mr\/index.php?rest_route=\/wp\/v2\/users\/2"}],"replies":[{"embeddable":true,"href":"https:\/\/ladepeche.mr\/index.php?rest_route=%2Fwp%2Fv2%2Fcomments&post=7537"}],"version-history":[{"count":1,"href":"https:\/\/ladepeche.mr\/index.php?rest_route=\/wp\/v2\/posts\/7537\/revisions"}],"predecessor-version":[{"id":7539,"href":"https:\/\/ladepeche.mr\/index.php?rest_route=\/wp\/v2\/posts\/7537\/revisions\/7539"}],"wp:featuredmedia":[{"embeddable":true,"href":"https:\/\/ladepeche.mr\/index.php?rest_route=\/wp\/v2\/media\/7538"}],"wp:attachment":[{"href":"https:\/\/ladepeche.mr\/index.php?rest_route=%2Fwp%2Fv2%2Fmedia&parent=7537"}],"wp:term":[{"taxonomy":"category","embeddable":true,"href":"https:\/\/ladepeche.mr\/index.php?rest_route=%2Fwp%2Fv2%2Fcategories&post=7537"},{"taxonomy":"post_tag","embeddable":true,"href":"https:\/\/ladepeche.mr\/index.php?rest_route=%2Fwp%2Fv2%2Ftags&post=7537"}],"curies":[{"name":"wp","href":"https:\/\/api.w.org\/{rel}","templated":true}]}}