{"id":7546,"date":"2023-10-21T14:51:10","date_gmt":"2023-10-21T14:51:10","guid":{"rendered":"https:\/\/ladepeche.mr\/?p=7546"},"modified":"2023-10-21T14:51:48","modified_gmt":"2023-10-21T14:51:48","slug":"sil-ny-avait-pas-eu-resistance-armee","status":"publish","type":"post","link":"https:\/\/ladepeche.mr\/?p=7546","title":{"rendered":"S&#8217;il n&#8217;y avait pas eu r\u00e9sistance arm\u00e9e?"},"content":{"rendered":"<p>C&#8217;est un fait bien connu, m\u00eame enseign\u00e9 aux petits \u00e9coliers fran\u00e7ais : la r\u00e9sistance fran\u00e7aise avait vaillamment combattu l&#8217;occupation allemande.<br \/>\nS&#8217;agit-il seulement de graffitis, de manifestations, de pri\u00e8res, de rh\u00e9toriques r\u00e9volutionnaires ?<br \/>\nNon, les Fran\u00e7ais avaient fait ce que tout peuple colonis\u00e9 ferait pour sa lib\u00e9ration. Tout d&#8217;abord, par tout ce qui pourrait rendre le s\u00e9jour du colon impossible \u00e0 vivre : sabotage, assassinats, r\u00e9volte populaire. Ensuite, par l&#8217;action directe, lorsque l&#8217;issue n&#8217;\u00e9tait plus pr\u00e9visible. Dans le langage moderne, cela s&#8217;appelle le terrorisme, qui augmente avec la puissance de l&#8217;occupant, de l&#8217;agresseur.<br \/>\nLe g\u00e9n\u00e9ral de Gaule, un anti-vichyste d\u00e9termin\u00e9, avait bien compris que face \u00e0 la machine de guerre allemande, il ne fallait pas compter sur les forces populaires et leurs moyens rudimentaires pour chasser l&#8217;ennemi. La m\u00e9thode douce est destin\u00e9e aux choses douces. L&#8217;occupation, en revanche, est intol\u00e9rable : elle prive un peuple de ce qu&#8217;il a de plus cher, de sa libert\u00e9, voire de son existence.<br \/>\nLes Alli\u00e9s n&#8217;avaient donc pas l\u00e9sin\u00e9 sur les moyens et l&#8217;op\u00e9ration Overlord a \u00e9t\u00e9 lanc\u00e9e &#8211; tout sauf un processus de paix, des n\u00e9gociations directes et indirectes appel\u00e9es &#8220;Gaza-J\u00e9richo d&#8217;abord&#8221;, mais un d\u00e9barquement arm\u00e9 d&#8217;une violence inou\u00efe.<br \/>\nPourtant, la Soci\u00e9t\u00e9 des Nations, l\u2019anc\u00eatre des Nations Unies, existait d\u00e9j\u00e0. Pourquoi ne lui a-t-on pas fait confiance pour r\u00e9tablir les Fran\u00e7ais dans leurs droits ?<br \/>\nC&#8217;\u00e9tait tout simplement ridicule, devant les blind\u00e9s allemands, le lancer de pierre de l&#8217;Intifada du peuple fran\u00e7ais, c&#8217;\u00e9tait David contre Goliath, un bras de fer sans issue heureuse pour la France libre.<br \/>\nPar ailleurs, s&#8217;il n&#8217;y avait pas eu la guerre d&#8217;ind\u00e9pendance alg\u00e9rienne, men\u00e9e apr\u00e8s avoir \u00e9puis\u00e9 tous les moyens pacifiques, l&#8217;Alg\u00e9rie serait aujourd\u2019hui un d\u00e9partement fran\u00e7ais, plus chevill\u00e9 au corps national fran\u00e7ais qu\u2019un territoire d\u2019Outre-Mer. Et sans les attaques &#8220;terroristes&#8221; du Viet Minh contre l&#8217;arm\u00e9e fran\u00e7aise, notamment la terreur de Di\u00ean Bi\u00ean Phu, la France n&#8217;aurait jamais compris que l&#8217;Indochine \u00e9tait un territoire vietnamien, un pays du sud-est asiatique \u00e0 une dizaine de milliers de kilom\u00e8tres de l\u2019Hexagone.<br \/>\nEnfin, l\u2019\u00c9tat d\u2019Isra\u00ebl, un petit pays surarm\u00e9 avec une population presque enti\u00e8rement r\u00e9serviste, avait tout gagn\u00e9 par la guerre, au m\u00e9pris du droit international et de toutes ses r\u00e9solutions pertinentes.<br \/>\nQuant aux Palestiniens, l\u2019ONU n\u2019\u00e9tait intervenu en 1948 que pour d\u00e9cr\u00e9ter le partage in\u00e9quitable de leur pays afin d\u2019offrir un foyer national aux Juifs du monde. Depuis, elle s\u2019est born\u00e9e \u00e0 condamner le cycle infernal de la violence au Moyen-Orient, un sujet d\u2019inqui\u00e9tude pour ses Secr\u00e9taires g\u00e9n\u00e9raux successifs, toujours pr\u00e9occup\u00e9s par cet interminable conflit aux guerres r\u00e9p\u00e9titives, dont la derni\u00e8re en date vient d\u2019\u00eatre lanc\u00e9e, le 7 octobre 2023, par les brigades Azzedine Al-Qassam, bras arm\u00e9 du Hamas, une association caritative qui, apr\u00e8s l\u2019\u00e9chec de la communaut\u00e9 internationale et les accords d\u2019Oslo, \u00e0 imposer la solution \u00e0 deux \u00c9tats, est devenue une force de r\u00e9sistance, une arm\u00e9e de lib\u00e9ration nationale inspir\u00e9e par le peuple alg\u00e9rien, qui a sacrifi\u00e9 un million de martyrs pour y parvenir.<br \/>\n\u00c0 l\u2019\u00e9poque aussi le gouvernement fran\u00e7ais et sa presse complice qualifiaient les r\u00e9sistants alg\u00e9riens de hors-la-loi, de terroristes de la pire esp\u00e8ce.<br \/>\nGentils ou m\u00e9chants, qu\u2019est-ce que ces \u00e9pith\u00e8tes changeraient \u00e0 la situation d\u2019un peuple qui se bat pour reconqu\u00e9rir ses territoires occup\u00e9s ?<br \/>\nNe soup\u00e7onne-t-on pas le Mossad d&#8217;\u00eatre responsable de l&#8217;empoisonnement du prix Nobel de la paix Yasser Arafat ?<br \/>\nCe ne sont \u00e9videmment pas les objecteurs de conscience palestiniens et arabes qui feront plier l\u2019entit\u00e9 sioniste, forte du soutien inconditionnel des \u00c9tats-Unis et de celui du camp occidental, juste \u00e0 cause des roucoulements continus des colombes palestiniennes et des pacifistes du monde. Ce qui a \u00e9t\u00e9 pris par la force ne peut \u00eatre repris que par la force, comme l&#8217;a dit Gamal Abdel Nasser. De plus en plus d&#8217;observateurs lucides en conviennent.<br \/>\nCertes, la distinction entre r\u00e9sistance et terrorisme n&#8217;est pas ais\u00e9e, mais cela ne diminue en rien la pertinence du droit international et de son sacrosaint principe du droit des peuples \u00e0 disposer d&#8217;eux-m\u00eames. Par quel moyen ?<\/p>\n<p>Ely Ould Sneiba<\/p>\n","protected":false},"excerpt":{"rendered":"<p>C&#8217;est un fait bien connu, m\u00eame enseign\u00e9 aux petits \u00e9coliers fran\u00e7ais : la r\u00e9sistance fran\u00e7aise avait vaillamment combattu l&#8217;occupation allemande. S&#8217;agit-il seulement de graffitis, de manifestations, de pri\u00e8res, de rh\u00e9toriques r\u00e9volutionnaires ? Non, les Fran\u00e7ais avaient fait ce que tout peuple colonis\u00e9 ferait pour sa lib\u00e9ration. Tout d&#8217;abord, par tout ce qui pourrait rendre le &hellip;<\/p>\n","protected":false},"author":2,"featured_media":7547,"comment_status":"open","ping_status":"open","sticky":false,"template":"","format":"standard","meta":{"footnotes":""},"categories":[18,29,19],"tags":[],"class_list":["post-7546","post","type-post","status-publish","format-standard","has-post-thumbnail","hentry","category-actualites","category-monde","category-tribune"],"_links":{"self":[{"href":"https:\/\/ladepeche.mr\/index.php?rest_route=\/wp\/v2\/posts\/7546","targetHints":{"allow":["GET"]}}],"collection":[{"href":"https:\/\/ladepeche.mr\/index.php?rest_route=\/wp\/v2\/posts"}],"about":[{"href":"https:\/\/ladepeche.mr\/index.php?rest_route=\/wp\/v2\/types\/post"}],"author":[{"embeddable":true,"href":"https:\/\/ladepeche.mr\/index.php?rest_route=\/wp\/v2\/users\/2"}],"replies":[{"embeddable":true,"href":"https:\/\/ladepeche.mr\/index.php?rest_route=%2Fwp%2Fv2%2Fcomments&post=7546"}],"version-history":[{"count":2,"href":"https:\/\/ladepeche.mr\/index.php?rest_route=\/wp\/v2\/posts\/7546\/revisions"}],"predecessor-version":[{"id":7549,"href":"https:\/\/ladepeche.mr\/index.php?rest_route=\/wp\/v2\/posts\/7546\/revisions\/7549"}],"wp:featuredmedia":[{"embeddable":true,"href":"https:\/\/ladepeche.mr\/index.php?rest_route=\/wp\/v2\/media\/7547"}],"wp:attachment":[{"href":"https:\/\/ladepeche.mr\/index.php?rest_route=%2Fwp%2Fv2%2Fmedia&parent=7546"}],"wp:term":[{"taxonomy":"category","embeddable":true,"href":"https:\/\/ladepeche.mr\/index.php?rest_route=%2Fwp%2Fv2%2Fcategories&post=7546"},{"taxonomy":"post_tag","embeddable":true,"href":"https:\/\/ladepeche.mr\/index.php?rest_route=%2Fwp%2Fv2%2Ftags&post=7546"}],"curies":[{"name":"wp","href":"https:\/\/api.w.org\/{rel}","templated":true}]}}