{"id":7555,"date":"2023-10-24T20:20:36","date_gmt":"2023-10-24T20:20:36","guid":{"rendered":"https:\/\/ladepeche.mr\/?p=7555"},"modified":"2023-10-24T20:20:36","modified_gmt":"2023-10-24T20:20:36","slug":"global-gateway-forum-le-president-de-la-republique-arrive-a-bruxelles","status":"publish","type":"post","link":"https:\/\/ladepeche.mr\/?p=7555","title":{"rendered":"Global Gateway Forum: Le Pr\u00e9sident de la R\u00e9publique arrive \u00e0 Bruxelles"},"content":{"rendered":"<p>Le Pr\u00e9sident de la R\u00e9publique, Mohamed Ould Cheikh El Ghazouani, est arriv\u00e9 mardi soir \u00e0 Bruxelles o\u00f9 il participera au Global Gateway Forum, organis\u00e9 par l\u2019Union europ\u00e9enne, dans la capitale belge.<br \/>\nLe GLobal Gateway Forum est une rencontre internationale d\u00e9di\u00e9e \u00e0 la promotion de la coop\u00e9ration dans plusieurs domaines \u00e9conomiques comme l\u2019\u00e9nergie verte, l\u2019\u00e9ducation et la recherche, les mati\u00e8res premi\u00e8res vitales, la production de m\u00e9dicaments et consommables m\u00e9dicaux, les infrastructures num\u00e9rique&#8230;<br \/>\nLe pr\u00e9sident est \u00e0 la t\u00eate d&#8217;une importante d\u00e9l\u00e9gation officielle dont la Premi\u00e8re Dame et MM. Mokhtar Ould Diay, ministre charg\u00e9 du Cabinet de la Pr\u00e9sidence de la R\u00e9publique? Abdessalam Ould Mohamed Saleh, ministre de l\u2019\u00c9conomie et du D\u00e9veloppement durable, Sidi Mohamed Ould Ghaber, conseiller \u00e0 la Pr\u00e9sidence de la R\u00e9publique, Aissata Diallo, conseill\u00e8re \u00e0 la Pr\u00e9sidence de la R\u00e9publique.<\/p>\n","protected":false},"excerpt":{"rendered":"<p>Le Pr\u00e9sident de la R\u00e9publique, Mohamed Ould Cheikh El Ghazouani, est arriv\u00e9 mardi soir \u00e0 Bruxelles o\u00f9 il participera au Global Gateway Forum, organis\u00e9 par l\u2019Union europ\u00e9enne, dans la capitale belge. Le GLobal Gateway Forum est une rencontre internationale d\u00e9di\u00e9e \u00e0 la promotion de la coop\u00e9ration dans plusieurs domaines \u00e9conomiques comme l\u2019\u00e9nergie verte, l\u2019\u00e9ducation et &hellip;<\/p>\n","protected":false},"author":2,"featured_media":7561,"comment_status":"open","ping_status":"open","sticky":false,"template":"","format":"standard","meta":{"footnotes":""},"categories":[18,29],"tags":[],"class_list":["post-7555","post","type-post","status-publish","format-standard","has-post-thumbnail","hentry","category-actualites","category-monde"],"_links":{"self":[{"href":"https:\/\/ladepeche.mr\/index.php?rest_route=\/wp\/v2\/posts\/7555","targetHints":{"allow":["GET"]}}],"collection":[{"href":"https:\/\/ladepeche.mr\/index.php?rest_route=\/wp\/v2\/posts"}],"about":[{"href":"https:\/\/ladepeche.mr\/index.php?rest_route=\/wp\/v2\/types\/post"}],"author":[{"embeddable":true,"href":"https:\/\/ladepeche.mr\/index.php?rest_route=\/wp\/v2\/users\/2"}],"replies":[{"embeddable":true,"href":"https:\/\/ladepeche.mr\/index.php?rest_route=%2Fwp%2Fv2%2Fcomments&post=7555"}],"version-history":[{"count":1,"href":"https:\/\/ladepeche.mr\/index.php?rest_route=\/wp\/v2\/posts\/7555\/revisions"}],"predecessor-version":[{"id":7562,"href":"https:\/\/ladepeche.mr\/index.php?rest_route=\/wp\/v2\/posts\/7555\/revisions\/7562"}],"wp:featuredmedia":[{"embeddable":true,"href":"https:\/\/ladepeche.mr\/index.php?rest_route=\/wp\/v2\/media\/7561"}],"wp:attachment":[{"href":"https:\/\/ladepeche.mr\/index.php?rest_route=%2Fwp%2Fv2%2Fmedia&parent=7555"}],"wp:term":[{"taxonomy":"category","embeddable":true,"href":"https:\/\/ladepeche.mr\/index.php?rest_route=%2Fwp%2Fv2%2Fcategories&post=7555"},{"taxonomy":"post_tag","embeddable":true,"href":"https:\/\/ladepeche.mr\/index.php?rest_route=%2Fwp%2Fv2%2Ftags&post=7555"}],"curies":[{"name":"wp","href":"https:\/\/api.w.org\/{rel}","templated":true}]}}