{"id":7563,"date":"2023-10-24T23:26:35","date_gmt":"2023-10-24T23:26:35","guid":{"rendered":"https:\/\/ladepeche.mr\/?p=7563"},"modified":"2023-10-24T23:26:35","modified_gmt":"2023-10-24T23:26:35","slug":"mauritanie-20-ans-de-prison-ferme-requis-contre-lex-president-aziz-a-son-proces","status":"publish","type":"post","link":"https:\/\/ladepeche.mr\/?p=7563","title":{"rendered":"Mauritanie: 20 ans de prison ferme requis contre l\u2019ex-pr\u00e9sident Aziz \u00e0 son proc\u00e8s"},"content":{"rendered":"<p>Le procureur a requis mardi 20 ans de prison ferme contre l\u2019ancien pr\u00e9sident mauritanien Mohamed Ould Abdel Aziz, jug\u00e9 depuis janvier 2023 \u00e0 Nouakchott pour avoir abus\u00e9 de son pouvoir afin d\u2019amasser une fortune immense.<\/p>\n<p>&#8220;Tous les \u00e9l\u00e9ments entre les mains de la justice prouvent la constitution d&#8217;un crime&#8221;, a dit le magistrat Ahmed Ould Moustapha. Il a aussi r\u00e9clam\u00e9 la confiscation des biens de celui qui a dirig\u00e9 de 2008 \u00e0 2019 ce pays charni\u00e8re entre l&#8217;Afrique du nord et l&#8217;Afrique subsaharienne.<br \/>\nMediapart via cridem <\/p>\n","protected":false},"excerpt":{"rendered":"<p>Le procureur a requis mardi 20 ans de prison ferme contre l\u2019ancien pr\u00e9sident mauritanien Mohamed Ould Abdel Aziz, jug\u00e9 depuis janvier 2023 \u00e0 Nouakchott pour avoir abus\u00e9 de son pouvoir afin d\u2019amasser une fortune immense. &#8220;Tous les \u00e9l\u00e9ments entre les mains de la justice prouvent la constitution d&#8217;un crime&#8221;, a dit le magistrat Ahmed Ould &hellip;<\/p>\n","protected":false},"author":2,"featured_media":3650,"comment_status":"open","ping_status":"open","sticky":false,"template":"","format":"standard","meta":{"footnotes":""},"categories":[18],"tags":[],"class_list":["post-7563","post","type-post","status-publish","format-standard","has-post-thumbnail","hentry","category-actualites"],"_links":{"self":[{"href":"https:\/\/ladepeche.mr\/index.php?rest_route=\/wp\/v2\/posts\/7563","targetHints":{"allow":["GET"]}}],"collection":[{"href":"https:\/\/ladepeche.mr\/index.php?rest_route=\/wp\/v2\/posts"}],"about":[{"href":"https:\/\/ladepeche.mr\/index.php?rest_route=\/wp\/v2\/types\/post"}],"author":[{"embeddable":true,"href":"https:\/\/ladepeche.mr\/index.php?rest_route=\/wp\/v2\/users\/2"}],"replies":[{"embeddable":true,"href":"https:\/\/ladepeche.mr\/index.php?rest_route=%2Fwp%2Fv2%2Fcomments&post=7563"}],"version-history":[{"count":1,"href":"https:\/\/ladepeche.mr\/index.php?rest_route=\/wp\/v2\/posts\/7563\/revisions"}],"predecessor-version":[{"id":7564,"href":"https:\/\/ladepeche.mr\/index.php?rest_route=\/wp\/v2\/posts\/7563\/revisions\/7564"}],"wp:featuredmedia":[{"embeddable":true,"href":"https:\/\/ladepeche.mr\/index.php?rest_route=\/wp\/v2\/media\/3650"}],"wp:attachment":[{"href":"https:\/\/ladepeche.mr\/index.php?rest_route=%2Fwp%2Fv2%2Fmedia&parent=7563"}],"wp:term":[{"taxonomy":"category","embeddable":true,"href":"https:\/\/ladepeche.mr\/index.php?rest_route=%2Fwp%2Fv2%2Fcategories&post=7563"},{"taxonomy":"post_tag","embeddable":true,"href":"https:\/\/ladepeche.mr\/index.php?rest_route=%2Fwp%2Fv2%2Ftags&post=7563"}],"curies":[{"name":"wp","href":"https:\/\/api.w.org\/{rel}","templated":true}]}}