{"id":7573,"date":"2023-10-25T14:20:51","date_gmt":"2023-10-25T14:20:51","guid":{"rendered":"https:\/\/ladepeche.mr\/?p=7573"},"modified":"2023-10-25T14:20:51","modified_gmt":"2023-10-25T14:20:51","slug":"egypte-arrivee-de-deux-avions-militaires-marocains-a-laeroport-del-arich-est-de-legypte-transportant-des-aides-humanitaires-a-gaza","status":"publish","type":"post","link":"https:\/\/ladepeche.mr\/?p=7573","title":{"rendered":"\u00c9gypte\/ Arriv\u00e9e de deux avions militaires marocains  \u00e0 l\u2019a\u00e9roport d\u2019El Arich (Est de l\u2019\u00c9gypte) transportant des aides humanitaires \u00e0 Gaza"},"content":{"rendered":"<p>Deux avions militaires marocains \u00e0 leur bord des aides humanitaires d\u2019urgence, destin\u00e9es aux populations palestiniennes de Gaza sont arriv\u00e9s, ce mercredi 25 octobre, \u00e0 l\u2019a\u00e9roport d\u2019El Arich.<\/p>\n<p>Cette initiative humanitaire intervient en application des hautes instructions du Roi Mohammed VI, pr\u00e9sident du Comit\u00e9 Al-Qods, visant \u00e0 acheminer une aide humanitaire d\u2019urgence en faveur des Palestiniens. Ces deux avions, dont les cargaisons seront achemin\u00e9es vers la bande de Gaza via le passage frontalier terrestre de Rafah, transportent d\u2019importantes quantit\u00e9s de denr\u00e9es alimentaires, de produits m\u00e9dicaux et d\u2019eau.<\/p>\n<p>L\u2019op\u00e9ration de r\u00e9ception de cette aide \u00e0 l\u2019a\u00e9roport d\u2019El Arich a \u00e9t\u00e9 supervis\u00e9e par l\u2019ambassadeur du Royaume au Caire et son d\u00e9l\u00e9gu\u00e9 permanent aupr\u00e8s de la Ligue arabe, Ahmed Tazi, et par des membres de l\u2019ambassade marocaine.<\/p>\n<p>Dans une d\u00e9claration \u00e0 l\u2019agence de presse marocaine \u00ab\u00a0MAP\u00a0\u00bb, Mr Ahmed Tazi a indiqu\u00e9 que \u2018\u2019 ces aides t\u00e9moignent de l\u2019engagement constant du Roi en faveur de la cause palestinienne\u2019\u2019, notant que \u2018\u2019 tous les services concern\u00e9s ont \u00e9t\u00e9 mobilis\u00e9s pour acc\u00e9l\u00e9rer la mise en \u0153uvre de cette op\u00e9ration et l\u2019acheminement de ces aides aux Palestiniens, conform\u00e9ment aux hautes instructions de Sa majest\u00e9 le Roi\u2019\u2019.<\/p>\n<p>\u2018\u2019 Ces aides humanitaires seront remises au Croissant-rouge \u00e9gyptien, qui se chargera de leur acheminement vers les territoires palestiniens en coordination avec les autorit\u00e9s palestiniennes comp\u00e9tentes\u2019\u2019 , a-t-il ajout\u00e9, pr\u00e9cisant au passage que \u2018\u2019 cette op\u00e9ration est men\u00e9e conform\u00e9ment aux arrangements coordonn\u00e9s avec les autorit\u00e9s \u00e9gyptiennes compte tenu des conditions de s\u00e9curit\u00e9 entourant le passage\u00a0de\u00a0Rafah.<br \/>\nM\u00e9dias<\/p>\n","protected":false},"excerpt":{"rendered":"<p>Deux avions militaires marocains \u00e0 leur bord des aides humanitaires d\u2019urgence, destin\u00e9es aux populations palestiniennes de Gaza sont arriv\u00e9s, ce mercredi 25 octobre, \u00e0 l\u2019a\u00e9roport d\u2019El Arich. Cette initiative humanitaire intervient en application des hautes instructions du Roi Mohammed VI, pr\u00e9sident du Comit\u00e9 Al-Qods, visant \u00e0 acheminer une aide humanitaire d\u2019urgence en faveur des Palestiniens. &hellip;<\/p>\n","protected":false},"author":2,"featured_media":7574,"comment_status":"open","ping_status":"open","sticky":false,"template":"","format":"standard","meta":{"footnotes":""},"categories":[18,29],"tags":[],"class_list":["post-7573","post","type-post","status-publish","format-standard","has-post-thumbnail","hentry","category-actualites","category-monde"],"_links":{"self":[{"href":"https:\/\/ladepeche.mr\/index.php?rest_route=\/wp\/v2\/posts\/7573","targetHints":{"allow":["GET"]}}],"collection":[{"href":"https:\/\/ladepeche.mr\/index.php?rest_route=\/wp\/v2\/posts"}],"about":[{"href":"https:\/\/ladepeche.mr\/index.php?rest_route=\/wp\/v2\/types\/post"}],"author":[{"embeddable":true,"href":"https:\/\/ladepeche.mr\/index.php?rest_route=\/wp\/v2\/users\/2"}],"replies":[{"embeddable":true,"href":"https:\/\/ladepeche.mr\/index.php?rest_route=%2Fwp%2Fv2%2Fcomments&post=7573"}],"version-history":[{"count":1,"href":"https:\/\/ladepeche.mr\/index.php?rest_route=\/wp\/v2\/posts\/7573\/revisions"}],"predecessor-version":[{"id":7575,"href":"https:\/\/ladepeche.mr\/index.php?rest_route=\/wp\/v2\/posts\/7573\/revisions\/7575"}],"wp:featuredmedia":[{"embeddable":true,"href":"https:\/\/ladepeche.mr\/index.php?rest_route=\/wp\/v2\/media\/7574"}],"wp:attachment":[{"href":"https:\/\/ladepeche.mr\/index.php?rest_route=%2Fwp%2Fv2%2Fmedia&parent=7573"}],"wp:term":[{"taxonomy":"category","embeddable":true,"href":"https:\/\/ladepeche.mr\/index.php?rest_route=%2Fwp%2Fv2%2Fcategories&post=7573"},{"taxonomy":"post_tag","embeddable":true,"href":"https:\/\/ladepeche.mr\/index.php?rest_route=%2Fwp%2Fv2%2Ftags&post=7573"}],"curies":[{"name":"wp","href":"https:\/\/api.w.org\/{rel}","templated":true}]}}