{"id":7586,"date":"2023-10-26T16:17:39","date_gmt":"2023-10-26T16:17:39","guid":{"rendered":"https:\/\/ladepeche.mr\/?p=7586"},"modified":"2023-10-26T16:40:55","modified_gmt":"2023-10-26T16:40:55","slug":"allemagne-un-terroriste-germano-egyptien-neutralise-grace-au-precieux-soutien-de-la-dgst-marocaine","status":"publish","type":"post","link":"https:\/\/ladepeche.mr\/?p=7586","title":{"rendered":"Allemagne\/ Un terroriste germano-\u00e9gyptien neutralis\u00e9 gr\u00e2ce au pr\u00e9cieux soutien de la \u00ab\u00a0DGST\u00a0\u00bb marocaine"},"content":{"rendered":"<p>Suite \u00e0 des informations pr\u00e9cieuses fournies par les services marocains de la Direction G\u00e9n\u00e9rale de la Surveillance du Territoire National (DGST), un ressortissant germano-\u00e9gyptien qui projetait des attentats terroristes sur le sol Allemand, dont une attaque au camion-b\u00e9lier, a \u00e9t\u00e9 identifi\u00e9 et neutralis\u00e9.<\/p>\n<p>Au Maroc comme \u00e0 l\u2019international, les services de la Direction G\u00e9n\u00e9rale de la Surveillance du Territoire National (DGST) ne cessent de mettre hors d\u2019\u00e9tat de nuire des radicaux affili\u00e9s \u00e0 des organisations terroristes. C\u2019est ainsi que, le mardi 24 octobre, et gr\u00e2ce \u00e0 l\u2019aide d\u00e9terminante des services s\u00e9curitaires marocains, la police d\u2019Essen, dans l\u2019ouest de l\u2019Allemagne, a pu interpeller un terroriste germano-\u00e9gyptien dangereux, r\u00e9pondant au nom de Tarik S.S.<\/p>\n<p>\u00c2g\u00e9 de 29 ans et \u00e9tabli \u00e0 Duisbourg, cet ancien combattant dans les rangs de l\u2019organisation \u00ab\u00a0Daech\u00a0\u00bb en Syrie et en Irak, \u00e9tait porteur de divers projets terroristes qu\u2019il planifiait d\u2019ex\u00e9cuter en Allemagne, notamment une attaque \u00e0 l\u2019aide d\u2019un camion-b\u00e9lier. <\/p>\n<p>Les services marocains de renseignement, dirig\u00e9s par Abdellatif Hammouchi, ont, tout au long des mois de septembre et d\u2019octobre 2023, alert\u00e9 leurs homologues allemands sur l\u2019identit\u00e9 et le profil de ce dangereux terroriste germano-\u00e9gyptien, en leur fournissant des renseignements tr\u00e8s utiles y compris les coordonn\u00e9es t\u00e9l\u00e9phoniques du mis en cause.<\/p>\n<p>Un apport de premier plan qui s\u2019ajoute donc aux nombreuses contributions de la \u00ab\u00a0DGST\u00a0\u00bb, ayant permis d\u2019avorter plusieurs actions terroristes \u00e0 l\u2019ext\u00e9rieur des fronti\u00e8res nationales et de neutraliser un bon nombre de partisans de l\u2019extr\u00e9misme religieux et de la mouvance terroriste. De quoi faire des services marocains, une fois de plus, un acteur indispensable de la lutte internationale contre ce fl\u00e9au qu\u2019est le terrorisme.<\/p>\n","protected":false},"excerpt":{"rendered":"<p>Suite \u00e0 des informations pr\u00e9cieuses fournies par les services marocains de la Direction G\u00e9n\u00e9rale de la Surveillance du Territoire National (DGST), un ressortissant germano-\u00e9gyptien qui projetait des attentats terroristes sur le sol Allemand, dont une attaque au camion-b\u00e9lier, a \u00e9t\u00e9 identifi\u00e9 et neutralis\u00e9. Au Maroc comme \u00e0 l\u2019international, les services de la Direction G\u00e9n\u00e9rale de &hellip;<\/p>\n","protected":false},"author":2,"featured_media":7583,"comment_status":"open","ping_status":"open","sticky":false,"template":"","format":"standard","meta":{"footnotes":""},"categories":[18,29],"tags":[],"class_list":["post-7586","post","type-post","status-publish","format-standard","has-post-thumbnail","hentry","category-actualites","category-monde"],"_links":{"self":[{"href":"https:\/\/ladepeche.mr\/index.php?rest_route=\/wp\/v2\/posts\/7586","targetHints":{"allow":["GET"]}}],"collection":[{"href":"https:\/\/ladepeche.mr\/index.php?rest_route=\/wp\/v2\/posts"}],"about":[{"href":"https:\/\/ladepeche.mr\/index.php?rest_route=\/wp\/v2\/types\/post"}],"author":[{"embeddable":true,"href":"https:\/\/ladepeche.mr\/index.php?rest_route=\/wp\/v2\/users\/2"}],"replies":[{"embeddable":true,"href":"https:\/\/ladepeche.mr\/index.php?rest_route=%2Fwp%2Fv2%2Fcomments&post=7586"}],"version-history":[{"count":1,"href":"https:\/\/ladepeche.mr\/index.php?rest_route=\/wp\/v2\/posts\/7586\/revisions"}],"predecessor-version":[{"id":7587,"href":"https:\/\/ladepeche.mr\/index.php?rest_route=\/wp\/v2\/posts\/7586\/revisions\/7587"}],"wp:featuredmedia":[{"embeddable":true,"href":"https:\/\/ladepeche.mr\/index.php?rest_route=\/wp\/v2\/media\/7583"}],"wp:attachment":[{"href":"https:\/\/ladepeche.mr\/index.php?rest_route=%2Fwp%2Fv2%2Fmedia&parent=7586"}],"wp:term":[{"taxonomy":"category","embeddable":true,"href":"https:\/\/ladepeche.mr\/index.php?rest_route=%2Fwp%2Fv2%2Fcategories&post=7586"},{"taxonomy":"post_tag","embeddable":true,"href":"https:\/\/ladepeche.mr\/index.php?rest_route=%2Fwp%2Fv2%2Ftags&post=7586"}],"curies":[{"name":"wp","href":"https:\/\/api.w.org\/{rel}","templated":true}]}}