{"id":7593,"date":"2023-10-27T18:01:19","date_gmt":"2023-10-27T18:01:19","guid":{"rendered":"https:\/\/ladepeche.mr\/?p=7593"},"modified":"2023-10-27T18:18:26","modified_gmt":"2023-10-27T18:18:26","slug":"mauritanie-espagne-ould-ahmed-aicha-recoit-une-delegation-economique-espagnole","status":"publish","type":"post","link":"https:\/\/ladepeche.mr\/?p=7593","title":{"rendered":"Mauritanie-Espagne: Ould Ahmed Aicha re\u00e7oit une d\u00e9l\u00e9gation \u00e9conomique espagnole"},"content":{"rendered":"<p>Le secr\u00e9taire g\u00e9n\u00e9ral du minist\u00e8re de l&#8217;Economie re\u00e7oit une d\u00e9l\u00e9gation espagnole.<\/p>\n<p>Le secr\u00e9taire g\u00e9n\u00e9ral du minist\u00e8re de l&#8217;Economie et du D\u00e9veloppement Durable, M. Yacoub Ould Ahmed A\u00efcha, a re\u00e7u en audience, mardi dans son bureau \u00e0 Nouakchott, une d\u00e9l\u00e9gation espagnole comprenant le directeur g\u00e9n\u00e9ral du Maghreb, la M\u00e9diterran\u00e9e et le Moyen-Orient au minist\u00e8re des Affaires \u00c9trang\u00e8res d&#8217;Espagne, M. Alberto Azal\u00e9a  et M. Joseph Lorenzo Otton, Premier Conseiller \u00e0 l&#8217;Ambassade d&#8217;Espagne accr\u00e9dit\u00e9e aupr\u00e8s de notre pays. <\/p>\n<p>La r\u00e9union a port\u00e9 sur  divers aspects de la coop\u00e9ration entre notre pays et le Royaume d&#8217;Espagne, en particulier \u00e9conomiques, et des moyens susceptibles de les renforcer et de les d\u00e9velopper.<br \/>\nLa r\u00e9union s&#8217;est d\u00e9roul\u00e9e en pr\u00e9sence du directeur g\u00e9n\u00e9ral adjoint des Financements et de la Coop\u00e9ration \u00e9conomique, Mahfoudh Ould\u00a0Mahmoud\u00a0Brahim.<\/p>\n","protected":false},"excerpt":{"rendered":"<p>Le secr\u00e9taire g\u00e9n\u00e9ral du minist\u00e8re de l&#8217;Economie re\u00e7oit une d\u00e9l\u00e9gation espagnole. Le secr\u00e9taire g\u00e9n\u00e9ral du minist\u00e8re de l&#8217;Economie et du D\u00e9veloppement Durable, M. Yacoub Ould Ahmed A\u00efcha, a re\u00e7u en audience, mardi dans son bureau \u00e0 Nouakchott, une d\u00e9l\u00e9gation espagnole comprenant le directeur g\u00e9n\u00e9ral du Maghreb, la M\u00e9diterran\u00e9e et le Moyen-Orient au minist\u00e8re des Affaires &hellip;<\/p>\n","protected":false},"author":2,"featured_media":7596,"comment_status":"open","ping_status":"open","sticky":false,"template":"","format":"standard","meta":{"footnotes":""},"categories":[18,2],"tags":[],"class_list":["post-7593","post","type-post","status-publish","format-standard","has-post-thumbnail","hentry","category-actualites","category-economie"],"_links":{"self":[{"href":"https:\/\/ladepeche.mr\/index.php?rest_route=\/wp\/v2\/posts\/7593","targetHints":{"allow":["GET"]}}],"collection":[{"href":"https:\/\/ladepeche.mr\/index.php?rest_route=\/wp\/v2\/posts"}],"about":[{"href":"https:\/\/ladepeche.mr\/index.php?rest_route=\/wp\/v2\/types\/post"}],"author":[{"embeddable":true,"href":"https:\/\/ladepeche.mr\/index.php?rest_route=\/wp\/v2\/users\/2"}],"replies":[{"embeddable":true,"href":"https:\/\/ladepeche.mr\/index.php?rest_route=%2Fwp%2Fv2%2Fcomments&post=7593"}],"version-history":[{"count":1,"href":"https:\/\/ladepeche.mr\/index.php?rest_route=\/wp\/v2\/posts\/7593\/revisions"}],"predecessor-version":[{"id":7594,"href":"https:\/\/ladepeche.mr\/index.php?rest_route=\/wp\/v2\/posts\/7593\/revisions\/7594"}],"wp:featuredmedia":[{"embeddable":true,"href":"https:\/\/ladepeche.mr\/index.php?rest_route=\/wp\/v2\/media\/7596"}],"wp:attachment":[{"href":"https:\/\/ladepeche.mr\/index.php?rest_route=%2Fwp%2Fv2%2Fmedia&parent=7593"}],"wp:term":[{"taxonomy":"category","embeddable":true,"href":"https:\/\/ladepeche.mr\/index.php?rest_route=%2Fwp%2Fv2%2Fcategories&post=7593"},{"taxonomy":"post_tag","embeddable":true,"href":"https:\/\/ladepeche.mr\/index.php?rest_route=%2Fwp%2Fv2%2Ftags&post=7593"}],"curies":[{"name":"wp","href":"https:\/\/api.w.org\/{rel}","templated":true}]}}