{"id":7600,"date":"2023-10-27T18:31:01","date_gmt":"2023-10-27T18:31:01","guid":{"rendered":"https:\/\/ladepeche.mr\/?p=7600"},"modified":"2023-10-27T18:31:01","modified_gmt":"2023-10-27T18:31:01","slug":"sahel-le-sg-du-mecdd-recoit-lenvoye-special-tcheque-au-sahel","status":"publish","type":"post","link":"https:\/\/ladepeche.mr\/?p=7600","title":{"rendered":"Sahel: Le SG du MEcDD re\u00e7oit l&#8217;envoy\u00e9 sp\u00e9cial tch\u00e8que au Sahel"},"content":{"rendered":"<p>Le Secr\u00e9taire g\u00e9n\u00e9ral du minist\u00e8re de l&#8217;\u00c9conomie et du D\u00e9veloppement Durable a re\u00e7u en audience, jeudi matin, Son Excellence l&#8217;Ambassadrice tch\u00e8que, envoy\u00e9e sp\u00e9ciale pour le Sahel, Mme. Lenka Pokorn\u00e1, accompagn\u00e9e de M. Libos Orny, expert au minist\u00e8re tch\u00e8que de la D\u00e9fense. <\/p>\n<p>Au cours de la r\u00e9union, divers aspects de la coop\u00e9ration existante entre notre pays et la R\u00e9publique Tch\u00e8que ont \u00e9t\u00e9 abord\u00e9s, ainsi que les moyens de  renforcer et  d\u00e9velopper cette coop\u00e9ration. <\/p>\n<p>Le directeur g\u00e9n\u00e9ral des Financements et de la Coop\u00e9ration \u00c9conomique au minist\u00e8re, Mohamed Salem Ould Nani, a pris part\u00a0\u00e0\u00a0la\u00a0rencontre.<\/p>\n","protected":false},"excerpt":{"rendered":"<p>Le Secr\u00e9taire g\u00e9n\u00e9ral du minist\u00e8re de l&#8217;\u00c9conomie et du D\u00e9veloppement Durable a re\u00e7u en audience, jeudi matin, Son Excellence l&#8217;Ambassadrice tch\u00e8que, envoy\u00e9e sp\u00e9ciale pour le Sahel, Mme. Lenka Pokorn\u00e1, accompagn\u00e9e de M. Libos Orny, expert au minist\u00e8re tch\u00e8que de la D\u00e9fense. Au cours de la r\u00e9union, divers aspects de la coop\u00e9ration existante entre notre pays &hellip;<\/p>\n","protected":false},"author":2,"featured_media":7601,"comment_status":"open","ping_status":"open","sticky":false,"template":"","format":"standard","meta":{"footnotes":""},"categories":[18,29],"tags":[],"class_list":["post-7600","post","type-post","status-publish","format-standard","has-post-thumbnail","hentry","category-actualites","category-monde"],"_links":{"self":[{"href":"https:\/\/ladepeche.mr\/index.php?rest_route=\/wp\/v2\/posts\/7600","targetHints":{"allow":["GET"]}}],"collection":[{"href":"https:\/\/ladepeche.mr\/index.php?rest_route=\/wp\/v2\/posts"}],"about":[{"href":"https:\/\/ladepeche.mr\/index.php?rest_route=\/wp\/v2\/types\/post"}],"author":[{"embeddable":true,"href":"https:\/\/ladepeche.mr\/index.php?rest_route=\/wp\/v2\/users\/2"}],"replies":[{"embeddable":true,"href":"https:\/\/ladepeche.mr\/index.php?rest_route=%2Fwp%2Fv2%2Fcomments&post=7600"}],"version-history":[{"count":1,"href":"https:\/\/ladepeche.mr\/index.php?rest_route=\/wp\/v2\/posts\/7600\/revisions"}],"predecessor-version":[{"id":7602,"href":"https:\/\/ladepeche.mr\/index.php?rest_route=\/wp\/v2\/posts\/7600\/revisions\/7602"}],"wp:featuredmedia":[{"embeddable":true,"href":"https:\/\/ladepeche.mr\/index.php?rest_route=\/wp\/v2\/media\/7601"}],"wp:attachment":[{"href":"https:\/\/ladepeche.mr\/index.php?rest_route=%2Fwp%2Fv2%2Fmedia&parent=7600"}],"wp:term":[{"taxonomy":"category","embeddable":true,"href":"https:\/\/ladepeche.mr\/index.php?rest_route=%2Fwp%2Fv2%2Fcategories&post=7600"},{"taxonomy":"post_tag","embeddable":true,"href":"https:\/\/ladepeche.mr\/index.php?rest_route=%2Fwp%2Fv2%2Ftags&post=7600"}],"curies":[{"name":"wp","href":"https:\/\/api.w.org\/{rel}","templated":true}]}}