{"id":7603,"date":"2023-10-27T22:35:44","date_gmt":"2023-10-27T22:35:44","guid":{"rendered":"https:\/\/ladepeche.mr\/?p=7603"},"modified":"2023-10-27T22:35:44","modified_gmt":"2023-10-27T22:35:44","slug":"sahara-le-msp-plaide-le-dialogue-et-la-paix-a-dakar","status":"publish","type":"post","link":"https:\/\/ladepeche.mr\/?p=7603","title":{"rendered":"Sahara : Le MSP plaide le dialogue et la paix \u00e0 Dakar"},"content":{"rendered":"<p>Apr\u00e8s les premi\u00e8res retrouvailles, l\u2019ann\u00e9e derni\u00e8re, \u00e0 Las Palmas, les animateurs du Mouvement Sahraoui pour la Paix (MSP) signent encore leur d\u00e9marcation avec la vieille garde du Polisario en pr\u00f4nant le dialogue pour la Paix. <\/p>\n<p>Dakar, la capitale s\u00e9n\u00e9galaise, abrite depuis hier, la seconde conf\u00e9rence internationale pour le dialogue et la paix auxquels convie le Mouvement Sahraoui pour la Paix. Ce mouvement est form\u00e9 d\u2019anciens combattants, d\u2019intellectuels, des politiques et des membres de la Chefferie traditionnelle, tous sahraouis. Ils avaient massivement rejoint le MSP, dissident de l\u2019organisation du Polisario. Cette nouvelle force politique, qui se veut aussi une force de proposition pour sortir de l\u2019engrenage existant depuis pr\u00e8s de 50 ans, est dirig\u00e9e par un ancien diplomate, El Hadj Barikalla, \u00e9lu comme premier secr\u00e9taire de la nouvelle organisation, il y a un an \u00e0 Las Palmas. Le MSP tente depuis sa cr\u00e9ation \u00ab \u00e0 rapprocher les positions des Sahraouis des Provinces du Sud marocain et les Sahraouis des camps de Tindouf \u00bb pour une sortie politique, une solution consensuelle et d\u00e9finitive du conflit du Sahara Occidental. Cr\u00e9\u00e9 en 2017, le MSP est assez repr\u00e9sentatif de la soci\u00e9t\u00e9 sahraouie \u00e9tablie non seulement au Sud marocain, mais aussi dans les camps des r\u00e9fugi\u00e9s et une diaspora diss\u00e9min\u00e9e \u00e0 travers le monde.<br \/>\nSi la premi\u00e8re conf\u00e9rence internationale, organis\u00e9e \u00e0 Las Palmas a vu l\u2019\u00e9mergence de ce nouveau cadre de r\u00e9flexion et d\u2019organisation politique, la pr\u00e9sente conf\u00e9rence internationale, organis\u00e9e en terre africaine, au Centre International de Commerce Ext\u00e9rieur du S\u00e9n\u00e9gal (CICES) \u00e0 Dakar, S\u00e9n\u00e9gal, se veut une affirmation d\u2019une nouvelle ligne avant-gardiste dans la recherche de la paix et de la s\u00e9curit\u00e9 au profit des populations autochtones.<\/p>\n<p><strong>Le plan d\u2019autonomie, une issue s\u00e9rieuse<\/strong><br \/>\nPlusieurs personnalit\u00e9s \u00e9taient attendues pour cet \u00e9v\u00e9nement parmi lesquelles des sommit\u00e9s venues d\u2019Europe, d\u2019Afrique et d\u2019Am\u00e9rique Latine. Les orateurs qui se sont succ\u00e9d\u00e9 \u00e0 la tribune se sont d\u2019abord f\u00e9licit\u00e9s de la naissance d\u2019un mouvement conciliateur comme le MSP. 50 ans, c\u2019est beaucoup dans la vie des populations. Or, selon Jos\u00e9 Bono, Ancien Pr\u00e9sident du Congr\u00e8s et Ancien Ministre de la D\u00e9fense de L\u2019Espagne, le v\u00e9ritable objectif devrait \u00eatre de \u00ab mettre fin \u00e0 la souffrance de la population sahraouie \u00bb. Pour lui, cette solution avait \u00e9t\u00e9 g\u00e9n\u00e9reusement pr\u00e9sent\u00e9e par le Maroc avec la proposition de plan d\u2019autonomie au Sahara \u00bb. Une piste qualifi\u00e9e par le Conseil de S\u00e9curit\u00e9 de l\u2019ONU comme une alternative \u00ab s\u00e9rieuse et r\u00e9aliste \u00bb. Il a, dans cette optique, formul\u00e9 le v\u0153u que pour l\u2019av\u00e8nement de la Paix, \u00ab le polisario le Maroc, le MSP et l\u2019Alg\u00e9rie s\u2019assoient \u00e0 la table des n\u00e9gociations pour trouver une solution \u00e0 travers un dialogue constructif\u00bb.<\/p>\n<p><strong>La recherche de la Paix est la voie \u00e0 suivre (Zapatero)<\/strong><br \/>\nTout le monde s\u2019accorde que la guerre n\u2019a jusqu\u2019ici rien r\u00e9solu et que la seule solution possible passe par privil\u00e9gier la Paix, le dialogue et la Concorde. C\u2019est en tout cas le sentiment de l\u2019ancien premier Ministre espagnol, Rodr\u00edguez Zapatero, qui a rejoint la Conf\u00e9rence internationale, via une vid\u00e9oconf\u00e9rence, l\u2019initiative du MSP \u00abincarne la voie \u00e0 suivre pour le Sahara. Je tiens donc \u00e0 exprimer mon plein soutien au Mouvement des Sahraouis pour la Paix et \u00e0 son projet \u00bb pr\u00e9cise l\u2019ancien chef du gouvernement espagnol qui se f\u00e9licite que \u00ab le Mouvement des Sahraouis pour la Paix a \u00e9t\u00e9 le premier \u00e0 comprendre que la r\u00e9conciliation est la voie et non pas la confrontation. La solution au probl\u00e8me sahraoui r\u00e9side dans les n\u00e9gociations, non pas dans la violence ni dans la division \u00bb rench\u00e9rit-il. Zapatero estime, en effet, que \u00abc&#8217;est l&#8217;avenir des Sahraouis qui est en jeu, un avenir qui exige la reconnaissance du peuple sahraoui, son droit \u00e0 choisir un gouvernement autonome apte \u00e0 r\u00e9soudre les probl\u00e8mes \u00e9conomiques et sociaux, dans le plein respect de la dignit\u00e9 et des droits du peuple sahraoui.\u00bb<br \/>\nIl est rejoint dans cette logique par l\u2019ancien Pr\u00e9sident de Burundi, Domitien Ndayizeye pour qui \u00ab la question du Sahara est l\u2019une des plus anciennes en Afrique \u00bb et qu\u2019il faut \u00ab conjuguer nos efforts pour trouver des solutions \u00bb pour rapprocher les points de vue. \u00ab La n\u00e9gociation et la concertation directe sont n\u00e9cessaires entre les parties, et la recherche de la r\u00e9solution du conflit doit adopter une approche globale et inclusive. \u00bb<br \/>\nMais ces solutions ne coulent pas de source pour tout le monde constatent les conf\u00e9rencier. Pour l\u2019ex-premier Ministre espagnol, des blocages, des sabotages m\u00eame, vont s\u2019\u00e9riger pour retarder l\u2019inexorable moment de faire la Paix. Face \u00e0 une telle adversit\u00e9, Zapatero a conseill\u00e9 \u00abla patience, la pers\u00e9v\u00e9rance et la volont\u00e9 sont n\u00e9cessaires pour placer le dialogue au-dessus de tout. Il faut \u00eatre pr\u00eat \u00e0 se r\u00e9concilier, \u00e0 comprendre l&#8217;autre partie, \u00e0 pardonner et \u00e0 tourner notre regard vers l&#8217;avenir pour ouvrir de nouvelles opportunit\u00e9s pour la jeunesse. \u00bb<\/p>\n<p><strong>L\u2019initiative du MSP, une valeur ajout\u00e9e<\/strong><br \/>\nM\u00eame s\u2019il faut \u00eatre deux pour faire la Paix, Juan Fernando Aguilar, ancien Ministre de la Justice espagnol et actuel Eurod\u00e9put\u00e9 du PSOE, reste sceptique sur l\u2019impact des efforts des Nations Unies faisant tout de m\u00eame remarquer que les Etats-Unis accordent une oreille bienveillante \u00e0 la proposition et \u00e0 l\u2019initiative du MSP pour r\u00e9soudre ce conflit qui mine l\u2019int\u00e9gration sous-r\u00e9gionale. Pour lui, il faut \u00abbriser cette l\u00e9thargie qui, apr\u00e8s cinquante ans, est devenue insupportable, provoquant la souffrance des Sahraouis dispers\u00e9s, d\u00e9plac\u00e9s, voire confin\u00e9s dans les camps de Tindouf depuis bien trop longtemps \u00bb.<br \/>\nAguilar estime que l\u2019initiative prise par le MSP doit favoriser le \u00ab dialogue \u00bb, \u00ab le d\u00e9bat \u00bb et servir de troisi\u00e8me voie pour sortir des sentiers battus  et pour l\u2019av\u00e8nement \u00ab d&#8217;une solution pacifique \u00bb et \u00ab mutuellement acceptable \u00e0 un conflit aussi complexe et douloureux que le Sahara occidental \u00bb.<\/p>\n<p><strong>Combattre le Polisario par les id\u00e9es<\/strong><br \/>\nSi Aguilar se demande s\u2019il faut perdre 50 autres ann\u00e9es dans l\u2019immobilisme, le politologue argentin Adalberto Carlos Agozino r\u00e9torque que face \u00ab \u00e0 l\u2019intransigeance du Polisario \u00bb, la seule guerre qui vaut d\u2019\u00eatre gagn\u00e9e est celle des id\u00e9es, de la promotion du dialogue et de la Paix et de sortir de \u00abl\u2019impasse \u00bb. Des efforts qui permettraient d\u2019att\u00e9nuer la gravit\u00e9 de \u00ab la situation humanitaire \u00e0 Tindouf \u00bb et de favoriser le retour dans leur pays des r\u00e9fugi\u00e9s pr\u00e9sents dans les camps. La troisi\u00e8me voie que porte en \u00e9tendard le MSP convainc l\u2019intellectuel argentin pour qui la Communaut\u00e9 internationale devrait accorder plus de tribune au MSP et \u00e0 ses id\u00e9es de promotion d\u2019une Paix durable au Sahara.<\/p>\n","protected":false},"excerpt":{"rendered":"<p>Apr\u00e8s les premi\u00e8res retrouvailles, l\u2019ann\u00e9e derni\u00e8re, \u00e0 Las Palmas, les animateurs du Mouvement Sahraoui pour la Paix (MSP) signent encore leur d\u00e9marcation avec la vieille garde du Polisario en pr\u00f4nant le dialogue pour la Paix. Dakar, la capitale s\u00e9n\u00e9galaise, abrite depuis hier, la seconde conf\u00e9rence internationale pour le dialogue et la paix auxquels convie le &hellip;<\/p>\n","protected":false},"author":2,"featured_media":7604,"comment_status":"open","ping_status":"open","sticky":false,"template":"","format":"standard","meta":{"footnotes":""},"categories":[18,29],"tags":[],"class_list":["post-7603","post","type-post","status-publish","format-standard","has-post-thumbnail","hentry","category-actualites","category-monde"],"_links":{"self":[{"href":"https:\/\/ladepeche.mr\/index.php?rest_route=\/wp\/v2\/posts\/7603","targetHints":{"allow":["GET"]}}],"collection":[{"href":"https:\/\/ladepeche.mr\/index.php?rest_route=\/wp\/v2\/posts"}],"about":[{"href":"https:\/\/ladepeche.mr\/index.php?rest_route=\/wp\/v2\/types\/post"}],"author":[{"embeddable":true,"href":"https:\/\/ladepeche.mr\/index.php?rest_route=\/wp\/v2\/users\/2"}],"replies":[{"embeddable":true,"href":"https:\/\/ladepeche.mr\/index.php?rest_route=%2Fwp%2Fv2%2Fcomments&post=7603"}],"version-history":[{"count":1,"href":"https:\/\/ladepeche.mr\/index.php?rest_route=\/wp\/v2\/posts\/7603\/revisions"}],"predecessor-version":[{"id":7605,"href":"https:\/\/ladepeche.mr\/index.php?rest_route=\/wp\/v2\/posts\/7603\/revisions\/7605"}],"wp:featuredmedia":[{"embeddable":true,"href":"https:\/\/ladepeche.mr\/index.php?rest_route=\/wp\/v2\/media\/7604"}],"wp:attachment":[{"href":"https:\/\/ladepeche.mr\/index.php?rest_route=%2Fwp%2Fv2%2Fmedia&parent=7603"}],"wp:term":[{"taxonomy":"category","embeddable":true,"href":"https:\/\/ladepeche.mr\/index.php?rest_route=%2Fwp%2Fv2%2Fcategories&post=7603"},{"taxonomy":"post_tag","embeddable":true,"href":"https:\/\/ladepeche.mr\/index.php?rest_route=%2Fwp%2Fv2%2Ftags&post=7603"}],"curies":[{"name":"wp","href":"https:\/\/api.w.org\/{rel}","templated":true}]}}