{"id":7609,"date":"2023-10-28T10:00:28","date_gmt":"2023-10-28T10:00:28","guid":{"rendered":"https:\/\/ladepeche.mr\/?p=7609"},"modified":"2023-10-28T09:39:45","modified_gmt":"2023-10-28T09:39:45","slug":"appel-des-partis-politiques-a-davantage-de-soutien-officiel-a-gaza","status":"publish","type":"post","link":"https:\/\/ladepeche.mr\/?p=7609","title":{"rendered":"Appel des partis politiques \u00e0 davantage de soutien officiel \u00e0 Gaza"},"content":{"rendered":"<p>Les partis politiques mauritaniens ont appel\u00e9 le pr\u00e9sident Mohamed Ould Cheikh Ghazouani et le gouvernement \u00e0 redoubler d&#8217;efforts pour soutenir la Palestine et d\u00e9noncer les crimes commis contre son peuple par l&#8217;occupation isra\u00e9lienne.<\/p>\n<p>C&#8217;est ce qui ressort d&#8217;un communiqu\u00e9 conjoint publi\u00e9 jeudi soir et lu par la pr\u00e9sidente du parti \u00ab Hiwar \u00bb, Vala Mint Mini, lors d&#8217;un point de presse organis\u00e9 par les partis politiques dans la capitale mauritanienne Nouakchott.<\/p>\n<p>Les partis politiques ont salu\u00e9 par ailleurs la position officielle de la Mauritanie sur ce qui se d\u00e9roule \u00e0 Gaza, affirmant qu&#8217;elle &#8220;exprime honn\u00eatement les sentiments de tous les Mauritaniens envers leurs fr\u00e8res de Palestine&#8221;.<\/p>\n<p>Les partis politiques mauritaniens resteront dans un \u00e9tat de pr\u00e9paration continue, apr\u00e8s avoir form\u00e9 \u00e0 cet effet plusieurs comit\u00e9s sp\u00e9cialis\u00e9s pour superviser leurs activit\u00e9s de soutien au peuple palestinien dans sa rude \u00e9preuve, indique ledit communiqu\u00e9.<\/p>\n<p>Ils ont condamn\u00e9 aussi la complicit\u00e9 avec l&#8217;occupation dans ses crimes en Palestine et la politique de deux poids deux mesures dans le traitement de la question palestinienne.<br \/>\nEssahra<\/p>\n","protected":false},"excerpt":{"rendered":"<p>Les partis politiques mauritaniens ont appel\u00e9 le pr\u00e9sident Mohamed Ould Cheikh Ghazouani et le gouvernement \u00e0 redoubler d&#8217;efforts pour soutenir la Palestine et d\u00e9noncer les crimes commis contre son peuple par l&#8217;occupation isra\u00e9lienne. C&#8217;est ce qui ressort d&#8217;un communiqu\u00e9 conjoint publi\u00e9 jeudi soir et lu par la pr\u00e9sidente du parti \u00ab Hiwar \u00bb, Vala Mint &hellip;<\/p>\n","protected":false},"author":2,"featured_media":7610,"comment_status":"open","ping_status":"open","sticky":false,"template":"","format":"standard","meta":{"footnotes":""},"categories":[18,29],"tags":[],"class_list":["post-7609","post","type-post","status-publish","format-standard","has-post-thumbnail","hentry","category-actualites","category-monde"],"_links":{"self":[{"href":"https:\/\/ladepeche.mr\/index.php?rest_route=\/wp\/v2\/posts\/7609","targetHints":{"allow":["GET"]}}],"collection":[{"href":"https:\/\/ladepeche.mr\/index.php?rest_route=\/wp\/v2\/posts"}],"about":[{"href":"https:\/\/ladepeche.mr\/index.php?rest_route=\/wp\/v2\/types\/post"}],"author":[{"embeddable":true,"href":"https:\/\/ladepeche.mr\/index.php?rest_route=\/wp\/v2\/users\/2"}],"replies":[{"embeddable":true,"href":"https:\/\/ladepeche.mr\/index.php?rest_route=%2Fwp%2Fv2%2Fcomments&post=7609"}],"version-history":[{"count":1,"href":"https:\/\/ladepeche.mr\/index.php?rest_route=\/wp\/v2\/posts\/7609\/revisions"}],"predecessor-version":[{"id":7611,"href":"https:\/\/ladepeche.mr\/index.php?rest_route=\/wp\/v2\/posts\/7609\/revisions\/7611"}],"wp:featuredmedia":[{"embeddable":true,"href":"https:\/\/ladepeche.mr\/index.php?rest_route=\/wp\/v2\/media\/7610"}],"wp:attachment":[{"href":"https:\/\/ladepeche.mr\/index.php?rest_route=%2Fwp%2Fv2%2Fmedia&parent=7609"}],"wp:term":[{"taxonomy":"category","embeddable":true,"href":"https:\/\/ladepeche.mr\/index.php?rest_route=%2Fwp%2Fv2%2Fcategories&post=7609"},{"taxonomy":"post_tag","embeddable":true,"href":"https:\/\/ladepeche.mr\/index.php?rest_route=%2Fwp%2Fv2%2Ftags&post=7609"}],"curies":[{"name":"wp","href":"https:\/\/api.w.org\/{rel}","templated":true}]}}