{"id":7623,"date":"2023-10-30T11:36:17","date_gmt":"2023-10-30T11:36:17","guid":{"rendered":"https:\/\/ladepeche.mr\/?p=7623"},"modified":"2023-10-30T11:36:17","modified_gmt":"2023-10-30T11:36:17","slug":"le-parti-insaf-lance-sa-saison-politique-2023-2024","status":"publish","type":"post","link":"https:\/\/ladepeche.mr\/?p=7623","title":{"rendered":"Le Parti INSAF lance sa saison politique 2023-2024"},"content":{"rendered":"<p>Le Parti INSAF a annonc\u00e9, samedi soir, au Palais des conf\u00e9rences de Nouakchott, le lancement de sa saison politique 2023-2024.<\/p>\n<p>Le pr\u00e9sident du parti, M. Mohamed Melainine Ould Eyih, a expliqu\u00e9 dans un discours prononc\u00e9 \u00e0 cette occasion que la saison politique de cette ann\u00e9e, caract\u00e9ris\u00e9e par la fin prochaine du mandat de Son Excellence le Pr\u00e9sident de la R\u00e9publique, M. Mohamed Ould Cheikh El Ghazouani, verra un changement qualitatif dans divers domaines de la formation et de l\u2019encadrement du parti.<\/p>\n<p>Le pr\u00e9sident du parti a pass\u00e9 en revue les r\u00e9sultats du premier mandat de Son Excellence le Pr\u00e9sident de la R\u00e9publique, qui s\u2019est caract\u00e9ris\u00e9 par la r\u00e9alisation d\u2019un changement radical et tangible dans la vie des citoyens \u00e0 travers la modernisation de la soci\u00e9t\u00e9, le renforcement des pratiques d\u00e9mocratiques, de l\u2019\u00e9tat des institutions et de l\u2019ouverture aux diff\u00e9rentes composantes de la classe politique nationale.<\/p>\n<p>Il a salu\u00e9 le Pacte r\u00e9publicain, que le parti a sign\u00e9 avec le Rassemblement des Forces D\u00e9mocratiques (RFD) et l\u2019Union des Forces du Progr\u00e8s (UFP), appelant tous les partis politiques \u00e0 adh\u00e9rer \u00e0 ce pacte.<\/p>\n<p>Il a soulign\u00e9 que le Parti INSAF restera \u00e0 l\u2019avant-garde du maintien de l\u2019apaisement politique que connait actuellement le pays.<\/p>\n<p>A cette occasion, le parti INSAF a d\u00e9nonc\u00e9 la brutale agression isra\u00e9lienne contre Gaza, appelant l\u2019assistance \u00e0 r\u00e9citer Al-Fatihah pour les \u00e2mes des martyrs de cette agression, soulignant que la question palestinienne est celle question de tous les Mauritaniens.<\/p>\n<p>La c\u00e9r\u00e9monie de lancement de la saison politique du parti a vu les interventions de certains dirigeants et cadres du parti sur divers aspects de la mise en \u0153uvre du programme de Son Excellence le Pr\u00e9sident de la R\u00e9publique, saluant les succ\u00e8s obtenus dans la mise en \u0153uvre de ce programme.<br \/>\nAmi<\/p>\n","protected":false},"excerpt":{"rendered":"<p>Le Parti INSAF a annonc\u00e9, samedi soir, au Palais des conf\u00e9rences de Nouakchott, le lancement de sa saison politique 2023-2024. Le pr\u00e9sident du parti, M. Mohamed Melainine Ould Eyih, a expliqu\u00e9 dans un discours prononc\u00e9 \u00e0 cette occasion que la saison politique de cette ann\u00e9e, caract\u00e9ris\u00e9e par la fin prochaine du mandat de Son Excellence &hellip;<\/p>\n","protected":false},"author":2,"featured_media":7624,"comment_status":"open","ping_status":"open","sticky":false,"template":"","format":"standard","meta":{"footnotes":""},"categories":[1],"tags":[],"class_list":["post-7623","post","type-post","status-publish","format-standard","has-post-thumbnail","hentry","category-uncategorized"],"_links":{"self":[{"href":"https:\/\/ladepeche.mr\/index.php?rest_route=\/wp\/v2\/posts\/7623","targetHints":{"allow":["GET"]}}],"collection":[{"href":"https:\/\/ladepeche.mr\/index.php?rest_route=\/wp\/v2\/posts"}],"about":[{"href":"https:\/\/ladepeche.mr\/index.php?rest_route=\/wp\/v2\/types\/post"}],"author":[{"embeddable":true,"href":"https:\/\/ladepeche.mr\/index.php?rest_route=\/wp\/v2\/users\/2"}],"replies":[{"embeddable":true,"href":"https:\/\/ladepeche.mr\/index.php?rest_route=%2Fwp%2Fv2%2Fcomments&post=7623"}],"version-history":[{"count":1,"href":"https:\/\/ladepeche.mr\/index.php?rest_route=\/wp\/v2\/posts\/7623\/revisions"}],"predecessor-version":[{"id":7625,"href":"https:\/\/ladepeche.mr\/index.php?rest_route=\/wp\/v2\/posts\/7623\/revisions\/7625"}],"wp:featuredmedia":[{"embeddable":true,"href":"https:\/\/ladepeche.mr\/index.php?rest_route=\/wp\/v2\/media\/7624"}],"wp:attachment":[{"href":"https:\/\/ladepeche.mr\/index.php?rest_route=%2Fwp%2Fv2%2Fmedia&parent=7623"}],"wp:term":[{"taxonomy":"category","embeddable":true,"href":"https:\/\/ladepeche.mr\/index.php?rest_route=%2Fwp%2Fv2%2Fcategories&post=7623"},{"taxonomy":"post_tag","embeddable":true,"href":"https:\/\/ladepeche.mr\/index.php?rest_route=%2Fwp%2Fv2%2Ftags&post=7623"}],"curies":[{"name":"wp","href":"https:\/\/api.w.org\/{rel}","templated":true}]}}