{"id":7626,"date":"2023-10-30T11:58:55","date_gmt":"2023-10-30T11:58:55","guid":{"rendered":"https:\/\/ladepeche.mr\/?p=7626"},"modified":"2023-10-30T11:59:38","modified_gmt":"2023-10-30T11:59:38","slug":"video-nouakchott-hote-du-premier-festival-international-du-cinema-en-mauritanie","status":"publish","type":"post","link":"https:\/\/ladepeche.mr\/?p=7626","title":{"rendered":"Vid\u00e9o : Nouakchott, h\u00f4te du premier Festival international du cin\u00e9ma en Mauritanie"},"content":{"rendered":"<p>Du 15 au 19 octobre 2023, la capitale mauritanienne, Nouakchott, a brill\u00e9 sous les projecteurs en accueillant la premi\u00e8re \u00e9dition de son Festival international du cin\u00e9ma. Un \u00e9v\u00e9nement artistique et culturel qui a rassembl\u00e9 des productions cin\u00e9matographiques de 13 pays diff\u00e9rents.<\/p>\n<p>La c\u00e9r\u00e9monie d\u2019ouverture, tenue au Palais du peuple, a vu la projection d\u2019un documentaire retra\u00e7ant la naissance de Nouakchott. Par la suite, le festival a offert une programmation riche et diversifi\u00e9e, totalisant la projection de 28 films allant de la fiction au film d\u2019animation, en passant par des documentaires et des courts m\u00e9trages.<\/p>\n<p>Le film mauritanien \u00ab Sewdetou \u00bb a particuli\u00e8rement marqu\u00e9 les esprits, remportant le Grand Prix du festival. Ce film met en sc\u00e8ne l\u2019histoire poignante d\u2019une jeune esclave noire subissant des violences au sein d\u2019une communaut\u00e9 nomade maure. Il est \u00e0 noter que le film marocain \u00ab l\u2019Esclave \u00bb d\u2019Abdelilah El Jaouhari a \u00e9galement \u00e9t\u00e9 distingu\u00e9, recevant le grand prix du jury.<\/p>\n<p>En marge de la projection des films, le festival a \u00e9t\u00e9 l\u2019occasion de rencontres entre professionnels du cin\u00e9ma et de discussions autour de l\u2019avenir du cin\u00e9ma mauritanien. De plus, un atelier de formation \u00e0 la r\u00e9alisation de films a \u00e9t\u00e9 organis\u00e9 pour les jeunes cin\u00e9astes mauritaniens.<\/p>\n<p>Le festival a connu un franc succ\u00e8s, attirant plus de 10 000 spectateurs. Cet \u00e9v\u00e9nement d\u2019envergure a contribu\u00e9 \u00e0 la promotion de la culture mauritanienne et du cin\u00e9ma mauritanien en particulier, soulignant l\u2019importance d\u2019ouvrir plus de salles de cin\u00e9ma en Mauritanie.<br \/>\nhttps:\/\/senego.com\/video-nouakchott-hote-du-premier-festival-international-du-cinema-en-mauritanie_1615068.html<\/p>\n","protected":false},"excerpt":{"rendered":"<p>Du 15 au 19 octobre 2023, la capitale mauritanienne, Nouakchott, a brill\u00e9 sous les projecteurs en accueillant la premi\u00e8re \u00e9dition de son Festival international du cin\u00e9ma. Un \u00e9v\u00e9nement artistique et culturel qui a rassembl\u00e9 des productions cin\u00e9matographiques de 13 pays diff\u00e9rents. La c\u00e9r\u00e9monie d\u2019ouverture, tenue au Palais du peuple, a vu la projection d\u2019un documentaire &hellip;<\/p>\n","protected":false},"author":2,"featured_media":7627,"comment_status":"open","ping_status":"open","sticky":false,"template":"","format":"standard","meta":{"footnotes":""},"categories":[15],"tags":[],"class_list":["post-7626","post","type-post","status-publish","format-standard","has-post-thumbnail","hentry","category-culture"],"_links":{"self":[{"href":"https:\/\/ladepeche.mr\/index.php?rest_route=\/wp\/v2\/posts\/7626","targetHints":{"allow":["GET"]}}],"collection":[{"href":"https:\/\/ladepeche.mr\/index.php?rest_route=\/wp\/v2\/posts"}],"about":[{"href":"https:\/\/ladepeche.mr\/index.php?rest_route=\/wp\/v2\/types\/post"}],"author":[{"embeddable":true,"href":"https:\/\/ladepeche.mr\/index.php?rest_route=\/wp\/v2\/users\/2"}],"replies":[{"embeddable":true,"href":"https:\/\/ladepeche.mr\/index.php?rest_route=%2Fwp%2Fv2%2Fcomments&post=7626"}],"version-history":[{"count":2,"href":"https:\/\/ladepeche.mr\/index.php?rest_route=\/wp\/v2\/posts\/7626\/revisions"}],"predecessor-version":[{"id":7629,"href":"https:\/\/ladepeche.mr\/index.php?rest_route=\/wp\/v2\/posts\/7626\/revisions\/7629"}],"wp:featuredmedia":[{"embeddable":true,"href":"https:\/\/ladepeche.mr\/index.php?rest_route=\/wp\/v2\/media\/7627"}],"wp:attachment":[{"href":"https:\/\/ladepeche.mr\/index.php?rest_route=%2Fwp%2Fv2%2Fmedia&parent=7626"}],"wp:term":[{"taxonomy":"category","embeddable":true,"href":"https:\/\/ladepeche.mr\/index.php?rest_route=%2Fwp%2Fv2%2Fcategories&post=7626"},{"taxonomy":"post_tag","embeddable":true,"href":"https:\/\/ladepeche.mr\/index.php?rest_route=%2Fwp%2Fv2%2Ftags&post=7626"}],"curies":[{"name":"wp","href":"https:\/\/api.w.org\/{rel}","templated":true}]}}