{"id":7737,"date":"2023-11-09T10:30:53","date_gmt":"2023-11-09T10:30:53","guid":{"rendered":"https:\/\/ladepeche.mr\/?p=7737"},"modified":"2023-11-09T09:35:10","modified_gmt":"2023-11-09T09:35:10","slug":"avancees-dans-la-preparation-des-strategies-nationales-dinclusion-financiere-et-deducation-financiere-en-mauritanie","status":"publish","type":"post","link":"https:\/\/ladepeche.mr\/?p=7737","title":{"rendered":"Avanc\u00e9es dans la pr\u00e9paration des Strat\u00e9gies Nationales d&#8217;Inclusion Financi\u00e8re et d&#8217;\u00c9ducation Financi\u00e8re en Mauritanie"},"content":{"rendered":"<p>La Banque Centrale de Mauritanie a franchi une \u00e9tape d\u00e9cisive aujourd&#8217;hui, avec la tenue d&#8217;un atelier d\u00e9di\u00e9 \u00e0 la strat\u00e9gie nationale d&#8217;\u00e9ducation financi\u00e8re, faisant suite aux ateliers pr\u00e9paratifs relatifs strat\u00e9gies nationales d&#8217;inclusion financi\u00e8re et de paiement num\u00e9rique.<br \/>\nCette initiative souligne l&#8217;engagement de la Mauritanie \u00e0 renforcer la stabilit\u00e9 \u00e9conomique et \u00e0 am\u00e9liorer la qualit\u00e9 de vie des citoyens. L&#8217;\u00e9ducation financi\u00e8re, au c\u0153ur de cette strat\u00e9gie, vise \u00e0 promouvoir une meilleure compr\u00e9hension des finances personnelles, de l&#8217;\u00e9pargne, de l&#8217;investissement et de la gestion des risques financiers.<br \/>\nSource BCM<\/p>\n","protected":false},"excerpt":{"rendered":"<p>La Banque Centrale de Mauritanie a franchi une \u00e9tape d\u00e9cisive aujourd&#8217;hui, avec la tenue d&#8217;un atelier d\u00e9di\u00e9 \u00e0 la strat\u00e9gie nationale d&#8217;\u00e9ducation financi\u00e8re, faisant suite aux ateliers pr\u00e9paratifs relatifs strat\u00e9gies nationales d&#8217;inclusion financi\u00e8re et de paiement num\u00e9rique. Cette initiative souligne l&#8217;engagement de la Mauritanie \u00e0 renforcer la stabilit\u00e9 \u00e9conomique et \u00e0 am\u00e9liorer la qualit\u00e9 de &hellip;<\/p>\n","protected":false},"author":2,"featured_media":7738,"comment_status":"open","ping_status":"open","sticky":false,"template":"","format":"standard","meta":{"footnotes":""},"categories":[18,2],"tags":[],"class_list":["post-7737","post","type-post","status-publish","format-standard","has-post-thumbnail","hentry","category-actualites","category-economie"],"_links":{"self":[{"href":"https:\/\/ladepeche.mr\/index.php?rest_route=\/wp\/v2\/posts\/7737","targetHints":{"allow":["GET"]}}],"collection":[{"href":"https:\/\/ladepeche.mr\/index.php?rest_route=\/wp\/v2\/posts"}],"about":[{"href":"https:\/\/ladepeche.mr\/index.php?rest_route=\/wp\/v2\/types\/post"}],"author":[{"embeddable":true,"href":"https:\/\/ladepeche.mr\/index.php?rest_route=\/wp\/v2\/users\/2"}],"replies":[{"embeddable":true,"href":"https:\/\/ladepeche.mr\/index.php?rest_route=%2Fwp%2Fv2%2Fcomments&post=7737"}],"version-history":[{"count":1,"href":"https:\/\/ladepeche.mr\/index.php?rest_route=\/wp\/v2\/posts\/7737\/revisions"}],"predecessor-version":[{"id":7739,"href":"https:\/\/ladepeche.mr\/index.php?rest_route=\/wp\/v2\/posts\/7737\/revisions\/7739"}],"wp:featuredmedia":[{"embeddable":true,"href":"https:\/\/ladepeche.mr\/index.php?rest_route=\/wp\/v2\/media\/7738"}],"wp:attachment":[{"href":"https:\/\/ladepeche.mr\/index.php?rest_route=%2Fwp%2Fv2%2Fmedia&parent=7737"}],"wp:term":[{"taxonomy":"category","embeddable":true,"href":"https:\/\/ladepeche.mr\/index.php?rest_route=%2Fwp%2Fv2%2Fcategories&post=7737"},{"taxonomy":"post_tag","embeddable":true,"href":"https:\/\/ladepeche.mr\/index.php?rest_route=%2Fwp%2Fv2%2Ftags&post=7737"}],"curies":[{"name":"wp","href":"https:\/\/api.w.org\/{rel}","templated":true}]}}