{"id":7756,"date":"2023-11-10T22:07:27","date_gmt":"2023-11-10T22:07:27","guid":{"rendered":"https:\/\/ladepeche.mr\/?p=7756"},"modified":"2023-11-10T22:13:59","modified_gmt":"2023-11-10T22:13:59","slug":"mauritanie-allemagne-signature-dun-programme-de-cooperation-bilaterale-entre-les-deux-pays","status":"publish","type":"post","link":"https:\/\/ladepeche.mr\/?p=7756","title":{"rendered":"Mauritanie-Allemagne: Signature d&#8217;un programme de coop\u00e9ration bilat\u00e9rale entre les deux pays"},"content":{"rendered":"<p>Son Excellence le ministre de l&#8217;\u00c9conomie et du D\u00e9veloppement Durable, M. Abdessalam Mohamed Saleh, a sign\u00e9 aujourd&#8217;hui vendredi \u00e0 Berlin, au si\u00e8ge du minist\u00e8re f\u00e9d\u00e9ral allemand de la Coop\u00e9ration \u00e9conomique et du D\u00e9veloppement, avec le Secr\u00e9taire d&#8217;\u00c9tat \u00e0 la Coop\u00e9ration \u00e9conomique et au D\u00e9veloppement, M. Jochen Flasbarth, un programme de coop\u00e9ration bilat\u00e9rale entre notre pays et l&#8217;Allemagne pour la p\u00e9riode 2023-2025.<\/p>\n<p>La valeur totale des financements fournis sous forme de subventions \u00e0 notre pays est de 62 millions d&#8217;euros, couvrant  plusieurs projets dans les domaines tels que la gouvernance, les droits de l&#8217;homme, la d\u00e9centralisation et le d\u00e9veloppement local, les nouvelles technologies et le num\u00e9rique, la p\u00eache maritime et l&#8217;environnement, l&#8217;emploi et la formation professionnelle, ainsi que l&#8217;\u00e9nergie propre et les mines.<\/p>\n","protected":false},"excerpt":{"rendered":"<p>Son Excellence le ministre de l&#8217;\u00c9conomie et du D\u00e9veloppement Durable, M. Abdessalam Mohamed Saleh, a sign\u00e9 aujourd&#8217;hui vendredi \u00e0 Berlin, au si\u00e8ge du minist\u00e8re f\u00e9d\u00e9ral allemand de la Coop\u00e9ration \u00e9conomique et du D\u00e9veloppement, avec le Secr\u00e9taire d&#8217;\u00c9tat \u00e0 la Coop\u00e9ration \u00e9conomique et au D\u00e9veloppement, M. Jochen Flasbarth, un programme de coop\u00e9ration bilat\u00e9rale entre notre pays &hellip;<\/p>\n","protected":false},"author":2,"featured_media":7758,"comment_status":"open","ping_status":"open","sticky":false,"template":"","format":"standard","meta":{"footnotes":""},"categories":[18,2],"tags":[],"class_list":["post-7756","post","type-post","status-publish","format-standard","has-post-thumbnail","hentry","category-actualites","category-economie"],"_links":{"self":[{"href":"https:\/\/ladepeche.mr\/index.php?rest_route=\/wp\/v2\/posts\/7756","targetHints":{"allow":["GET"]}}],"collection":[{"href":"https:\/\/ladepeche.mr\/index.php?rest_route=\/wp\/v2\/posts"}],"about":[{"href":"https:\/\/ladepeche.mr\/index.php?rest_route=\/wp\/v2\/types\/post"}],"author":[{"embeddable":true,"href":"https:\/\/ladepeche.mr\/index.php?rest_route=\/wp\/v2\/users\/2"}],"replies":[{"embeddable":true,"href":"https:\/\/ladepeche.mr\/index.php?rest_route=%2Fwp%2Fv2%2Fcomments&post=7756"}],"version-history":[{"count":1,"href":"https:\/\/ladepeche.mr\/index.php?rest_route=\/wp\/v2\/posts\/7756\/revisions"}],"predecessor-version":[{"id":7757,"href":"https:\/\/ladepeche.mr\/index.php?rest_route=\/wp\/v2\/posts\/7756\/revisions\/7757"}],"wp:featuredmedia":[{"embeddable":true,"href":"https:\/\/ladepeche.mr\/index.php?rest_route=\/wp\/v2\/media\/7758"}],"wp:attachment":[{"href":"https:\/\/ladepeche.mr\/index.php?rest_route=%2Fwp%2Fv2%2Fmedia&parent=7756"}],"wp:term":[{"taxonomy":"category","embeddable":true,"href":"https:\/\/ladepeche.mr\/index.php?rest_route=%2Fwp%2Fv2%2Fcategories&post=7756"},{"taxonomy":"post_tag","embeddable":true,"href":"https:\/\/ladepeche.mr\/index.php?rest_route=%2Fwp%2Fv2%2Ftags&post=7756"}],"curies":[{"name":"wp","href":"https:\/\/api.w.org\/{rel}","templated":true}]}}