{"id":7783,"date":"2023-11-16T11:31:04","date_gmt":"2023-11-16T11:31:04","guid":{"rendered":"https:\/\/ladepeche.mr\/?p=7783"},"modified":"2023-11-16T11:31:04","modified_gmt":"2023-11-16T11:31:04","slug":"le-president-de-la-republique-pose-la-premiere-pierre-de-trois-etablissements-denseignement-superieur-et-technique","status":"publish","type":"post","link":"https:\/\/ladepeche.mr\/?p=7783","title":{"rendered":"Le Pr\u00e9sident de la R\u00e9publique pose la premi\u00e8re pierre de trois \u00e9tablissements d\u2019enseignement sup\u00e9rieur et technique"},"content":{"rendered":"<p>Son Excellence le Pr\u00e9sident de la R\u00e9publique, Monsieur Mohamed Ould Cheikh El Ghazouani a supervis\u00e9, mercredi apr\u00e8s-midi \u00e0 Nouakchott, la pose de la premi\u00e8re pierre de la construction de trois \u00e9tablissements d\u2019enseignement sup\u00e9rieur et technique pour un montant total de 452 millions MRU.<\/p>\n<p>Ces \u00e9tablissements, dont la pose de la premi\u00e8re pierre s\u2019inscrit dans le cadre des activit\u00e9s comm\u00e9moratives de la f\u00eate de l\u2019ind\u00e9pendance nationale, comprennent une \u00e9cole d\u2019enseignement technique et de formation professionnelle dans les domaines de l\u2019\u00e9nergie, du p\u00e9trole et du gaz, une \u00e9cole des hautes \u00e9tudes commerciales, dans la moughataa du Ksar, et un Institut sup\u00e9rieur Num\u00e9rique \u00e0 l\u2019Universit\u00e9 de Nouakchott, dans la moughataa de Tevragh Zeina.<\/p>\n<p>Son Excellence le Pr\u00e9sident de la R\u00e9publique a re\u00e7u des explications techniques sur les composantes des \u00e9tablissements et les m\u00e9thodes techniques utilis\u00e9es dans leur mise en \u0153uvre, la capacit\u00e9 d\u2019absorption de chacun d\u2019eux, leurs domaines de sp\u00e9cialisation, l\u2019ad\u00e9quation de ces sp\u00e9cialisations avec les exigences d\u2019un march\u00e9 de travail national prometteur et la valeur ajout\u00e9e qu\u2019elles apporteront aux domaines de l\u2019enseignement sup\u00e9rieur et technique dans le pays.<\/p>\n<p>Le premier projet a trait \u00e0 la construction d\u2019une \u00c9cole d\u2019Enseignement technique et de Formation professionnelle dans les domaines de l\u2019\u00e9nergie, du p\u00e9trole et du gaz, comprenant un amphith\u00e9\u00e2tre pouvant accueillir environ 130 \u00e9tudiants, un bloc administratif, une biblioth\u00e8que, deux salles pour simulation de forage, de production et maintenance, six salles de classe, huit laboratoires, huit ateliers dans divers domaines et des salles informatiques.<\/p>\n<p>La construction de l\u2019\u00e9cole, qui couvre une superficie de 3 hectares, s\u2019\u00e9talera sur une dur\u00e9e de 18 mois pour un co\u00fbt d\u2019environ 211 millions MRU sur financement de l\u2019\u00c9tat.<\/p>\n<p>Le deuxi\u00e8me projet porte sur l\u2019\u00c9cole des Hautes \u00c9tudes commerciales, comprenant un bloc \u00e9ducatif, un bloc administratif, deux salles de pr\u00e9sentation et de conf\u00e9rence, une salle de pri\u00e8re, un logement pour le personnel de s\u00e9curit\u00e9 et une caf\u00e9t\u00e9ria. B\u00e2tie sur une superficie d\u2019environ 5300 m\u00e8tres carr\u00e9s, cette \u00e9cole devrait \u00eatre ex\u00e9cut\u00e9e au cours de 20 mois avec un co\u00fbt d\u2019environ 91 millions MRU sur financement du Tr\u00e9sor public.<\/p>\n<p>Le troisi\u00e8me projet concerne l\u2019Institut Sup\u00e9rieur Num\u00e9rique, dont les composantes sont : trois amphith\u00e9\u00e2tres dont la capacit\u00e9 est de 450 \u00e9tudiants, deux blocs administratif et \u00e9ducatif, une biblioth\u00e8que, un laboratoire, une salle informatique, des salles de classe, une salle de pri\u00e8re, un poste de transformation \u00e9lectrique, cinq magasins et une salle \u00e0 manger.<\/p>\n<p>Il est pr\u00e9vu que cet institution, b\u00e2tie sur une superficie d\u2019environ 7000 m\u00e8tres carr\u00e9s, et dont le co\u00fbt s\u2019\u00e9l\u00e8ve \u00e0 149 millions MRU, s\u2019ach\u00e8ve dans 18 mois.<\/p>\n<p>Dans un mot qu\u2019il a prononc\u00e9 \u00e0 l\u2019occasion, le ministre de l\u2019Habitat, de l\u2019urbanisme et de l\u2019am\u00e9nagement du Territoire, M. Sid\u2019 Ahmed Ould Mohamed, a indiqu\u00e9 que, conform\u00e9ment aux directives de Son Excellence le Pr\u00e9sident de la R\u00e9publique, toutes les mesures n\u00e9cessaires ont \u00e9t\u00e9 prises pour assurer la r\u00e9gularit\u00e9 des travaux dans les ouvrages conform\u00e9ment aux d\u00e9lais contractuels.<\/p>\n<p>Il a ajout\u00e9 que ces trois projets font partie de nombreux projets d\u2019infrastructures supervis\u00e9s par le secteur, dans le cadre desquels, 2400 salles de classe sont d\u00e9j\u00e0 ex\u00e9cut\u00e9es, 1200 autres le seront au cours des prochains mois. Par ailleurs, la remise du nouveau campus universitaire de l\u2019Universit\u00e9 de Nouakchott au minist\u00e8re de l\u2019Enseignement sup\u00e9rieur et de la Recherche scientifique, est pour bient\u00f4t, augmentant ainsi sa capacit\u00e9 d\u2019accueil de 14 000 \u00e0 25 000 \u00e9tudiants.<\/p>\n<p>Le ministre a, en outre, soulign\u00e9 qu\u2019ils \u0153uvrent \u00e9galement \u00e0 d\u2019autres projets tels que l\u2019\u00c9cole nationale d\u2019administration, de journalisme et de magistrature, la cit\u00e9 de l\u2019Artisanat \u00e0 El mina, et le grand complexe commercial d\u2019Arafat. A cela s\u2019ajoute la construction de 12 tribunaux dont les travaux ont \u00e9t\u00e9 achev\u00e9s dans 9 d\u2019entre eux. En outre, poursuit-il, trois centres hospitaliers \u00e0 Aleg, Tidjikja et A\u00efoun, ainsi que 20 centres de sant\u00e9, 28 points de sant\u00e9, des nouveaux groupements d\u2019habitation et des plans d\u2019urbanisme modernes sont en cours.<\/p>\n<p>De son c\u00f4t\u00e9, le maire du Ksar a prononc\u00e9 un mot de bienvenue, dans lequel il a salu\u00e9 les efforts consid\u00e9rables d\u00e9ploy\u00e9s en faveur de la d\u00e9centralisation et du r\u00f4le des collectivit\u00e9s locales \u00e0 travers des d\u00e9cisions profondes et exceptionnelles qui servent l\u2019int\u00e9r\u00eat g\u00e9n\u00e9ral et rendent les municipalit\u00e9s capables de jouer un r\u00f4le moteur dans le domaine social et du d\u00e9veloppement local.<\/p>\n<p>\u201cCela est particuli\u00e8rement illustr\u00e9 par la cr\u00e9ation du Conseil Sup\u00e9rieur de la D\u00e9centralisation, pr\u00e9sid\u00e9 par Son Excellence le Pr\u00e9sident de la R\u00e9publique et la r\u00e9cente d\u00e9cision portant sur la mise en \u0153uvre des pr\u00e9rogatives de la police municipale\u201d, a-t- il not\u00e9.<\/p>\n<p>Le maire du Ksar a remerci\u00e9, au nom de la population de sa municipalit\u00e9, le Pr\u00e9sident de la R\u00e9publique pour sa position honorable sur la question palestinienne et son appel \u00e0 la coordination et l\u2019unification des efforts pour face \u00e0 ce crime odieux dont le peuple palestinien est victime.<\/p>\n<p>La c\u00e9r\u00e9monie de pose de la premi\u00e8re pierre, s\u2019est d\u00e9roul\u00e9e en pr\u00e9sence du Premier ministre, M. Mohamed Ould Bilal Messoud, du Pr\u00e9sident de l\u2019Assembl\u00e9e nationale, du Pr\u00e9sident du Conseil Constitutionnel, du Pr\u00e9sident de l\u2019Institution de l\u2019Opposition D\u00e9mocratique, du ministre secr\u00e9taire g\u00e9n\u00e9ral de la Pr\u00e9sidence de la R\u00e9publique, du ministre charg\u00e9 du Cabinet du Pr\u00e9sident de la R\u00e9publique, du ministre conseiller \u00e0 la Pr\u00e9sidence de la R\u00e9publique, des membres du gouvernement, du wali de Nouakchott- Ouest, de la pr\u00e9sidente de la r\u00e9gion de Nouakchott, du maire de la commune du Ksar, de certains autres responsables et des membres du corps diplomatique accr\u00e9dit\u00e9s dans notre pays.<br \/>\nAmi<\/p>\n","protected":false},"excerpt":{"rendered":"<p>Son Excellence le Pr\u00e9sident de la R\u00e9publique, Monsieur Mohamed Ould Cheikh El Ghazouani a supervis\u00e9, mercredi apr\u00e8s-midi \u00e0 Nouakchott, la pose de la premi\u00e8re pierre de la construction de trois \u00e9tablissements d\u2019enseignement sup\u00e9rieur et technique pour un montant total de 452 millions MRU. Ces \u00e9tablissements, dont la pose de la premi\u00e8re pierre s\u2019inscrit dans le &hellip;<\/p>\n","protected":false},"author":2,"featured_media":7784,"comment_status":"open","ping_status":"open","sticky":false,"template":"","format":"standard","meta":{"footnotes":""},"categories":[18],"tags":[],"class_list":["post-7783","post","type-post","status-publish","format-standard","has-post-thumbnail","hentry","category-actualites"],"_links":{"self":[{"href":"https:\/\/ladepeche.mr\/index.php?rest_route=\/wp\/v2\/posts\/7783","targetHints":{"allow":["GET"]}}],"collection":[{"href":"https:\/\/ladepeche.mr\/index.php?rest_route=\/wp\/v2\/posts"}],"about":[{"href":"https:\/\/ladepeche.mr\/index.php?rest_route=\/wp\/v2\/types\/post"}],"author":[{"embeddable":true,"href":"https:\/\/ladepeche.mr\/index.php?rest_route=\/wp\/v2\/users\/2"}],"replies":[{"embeddable":true,"href":"https:\/\/ladepeche.mr\/index.php?rest_route=%2Fwp%2Fv2%2Fcomments&post=7783"}],"version-history":[{"count":1,"href":"https:\/\/ladepeche.mr\/index.php?rest_route=\/wp\/v2\/posts\/7783\/revisions"}],"predecessor-version":[{"id":7785,"href":"https:\/\/ladepeche.mr\/index.php?rest_route=\/wp\/v2\/posts\/7783\/revisions\/7785"}],"wp:featuredmedia":[{"embeddable":true,"href":"https:\/\/ladepeche.mr\/index.php?rest_route=\/wp\/v2\/media\/7784"}],"wp:attachment":[{"href":"https:\/\/ladepeche.mr\/index.php?rest_route=%2Fwp%2Fv2%2Fmedia&parent=7783"}],"wp:term":[{"taxonomy":"category","embeddable":true,"href":"https:\/\/ladepeche.mr\/index.php?rest_route=%2Fwp%2Fv2%2Fcategories&post=7783"},{"taxonomy":"post_tag","embeddable":true,"href":"https:\/\/ladepeche.mr\/index.php?rest_route=%2Fwp%2Fv2%2Ftags&post=7783"}],"curies":[{"name":"wp","href":"https:\/\/api.w.org\/{rel}","templated":true}]}}