{"id":7786,"date":"2023-11-16T12:00:33","date_gmt":"2023-11-16T12:00:33","guid":{"rendered":"https:\/\/ladepeche.mr\/?p=7786"},"modified":"2023-11-16T11:36:31","modified_gmt":"2023-11-16T11:36:31","slug":"ouverture-de-la-10e-conference-internationale-sur-lenergie-et-les-villes-du-futur","status":"publish","type":"post","link":"https:\/\/ladepeche.mr\/?p=7786","title":{"rendered":"Ouverture de la 10e Conf\u00e9rence internationale sur l\u2019\u00e9nergie et les villes du futur"},"content":{"rendered":"<p>La 10e Conf\u00e9rence internationale sur l\u2019\u00e9nergie et les villes du futur, organis\u00e9e par la Facult\u00e9 des sciences et technologies de l\u2019Universit\u00e9 de Nouakchott, a d\u00e9but\u00e9 mercredi.<\/p>\n<p>La conf\u00e9rence rassemble plus de 70 professeurs, chercheurs et experts de Mauritanie, d\u2019Alg\u00e9rie, du S\u00e9n\u00e9gal, de C\u00f4te d\u2019Ivoire, de France et du Canada venus pour \u00e9changer leurs points de vue sur les \u00e9nergies propres et leurs utilisations futures \u00e0 diverses fins dans les villes, afin de garantir un environnement propre et sans d\u00e9faut.<\/p>\n<p>Dans un discours prononc\u00e9 \u00e0 cette occasion, le vice-pr\u00e9sident de l\u2019Universit\u00e9 de Nouakchott, Mohamed Fadel Deida, a soulign\u00e9 l\u2019importance que repr\u00e9sente l\u2019organisation de cette conf\u00e9rence, qui ne manquera pas de contribuer \u00e0 am\u00e9liorer les conditions des villes \u00e0 l\u2019avenir en fournissant une \u00e9nergie propre, saine et respectueuse de l\u2019environnement, qui garantit le bonheur des habitants de la plan\u00e8te aux co\u00fbts les plus bas.<\/p>\n<p>Il a ajout\u00e9 que le monde dans lequel nous vivons aujourd\u2019hui est t\u00e9moin de transformations continues et de graves d\u00e9fis, qui n\u00e9cessitent une coop\u00e9ration internationale dans le domaine de l\u2019\u00e9nergie et de l\u2019urbanisation et l\u2019utilisation de nouvelles technologies afin de construire un monde avanc\u00e9 et s\u00fbr qui utilise une \u00e9nergie propre dans ses villes et r\u00e9duit les \u00e9missions de carbone nocives pour la sant\u00e9 et l\u2019environnement.<\/p>\n<p>le vice-pr\u00e9sident de l\u2019Universit\u00e9 de Nouakchott a rappel\u00e9 que l\u2019organisation de ce forum s\u2019inscrit dans le cadre de l\u2019\u00e9change d\u2019exp\u00e9riences et du dialogue et de la volont\u00e9 de tirer profit des exp\u00e9riences des pays qui ont fait de grands progr\u00e8s dans la fabrication et l\u2019utilisation des \u00e9nergies propres.<\/p>\n<p>La conf\u00e9rence a \u00e9t\u00e9 marqu\u00e9e par les interventions du vice-doyen de la Facult\u00e9 des sciences et technologies et des anciens pr\u00e9sidents de la conf\u00e9rence, qui ont r\u00e9affirm\u00e9 l\u2019int\u00e9r\u00eat de cette conf\u00e9rence et la n\u00e9cessit\u00e9 d\u2019une coop\u00e9ration et d\u2019efforts concert\u00e9s pour atteindre ses objectifs, en particulier en facilitant la transition vers une \u00e9conomie durable \u00e0 faible \u00e9mission de carbone.<br \/>\nAmi<\/p>\n","protected":false},"excerpt":{"rendered":"<p>La 10e Conf\u00e9rence internationale sur l\u2019\u00e9nergie et les villes du futur, organis\u00e9e par la Facult\u00e9 des sciences et technologies de l\u2019Universit\u00e9 de Nouakchott, a d\u00e9but\u00e9 mercredi. La conf\u00e9rence rassemble plus de 70 professeurs, chercheurs et experts de Mauritanie, d\u2019Alg\u00e9rie, du S\u00e9n\u00e9gal, de C\u00f4te d\u2019Ivoire, de France et du Canada venus pour \u00e9changer leurs points de &hellip;<\/p>\n","protected":false},"author":2,"featured_media":7787,"comment_status":"open","ping_status":"open","sticky":false,"template":"","format":"standard","meta":{"footnotes":""},"categories":[18,2],"tags":[],"class_list":["post-7786","post","type-post","status-publish","format-standard","has-post-thumbnail","hentry","category-actualites","category-economie"],"_links":{"self":[{"href":"https:\/\/ladepeche.mr\/index.php?rest_route=\/wp\/v2\/posts\/7786","targetHints":{"allow":["GET"]}}],"collection":[{"href":"https:\/\/ladepeche.mr\/index.php?rest_route=\/wp\/v2\/posts"}],"about":[{"href":"https:\/\/ladepeche.mr\/index.php?rest_route=\/wp\/v2\/types\/post"}],"author":[{"embeddable":true,"href":"https:\/\/ladepeche.mr\/index.php?rest_route=\/wp\/v2\/users\/2"}],"replies":[{"embeddable":true,"href":"https:\/\/ladepeche.mr\/index.php?rest_route=%2Fwp%2Fv2%2Fcomments&post=7786"}],"version-history":[{"count":1,"href":"https:\/\/ladepeche.mr\/index.php?rest_route=\/wp\/v2\/posts\/7786\/revisions"}],"predecessor-version":[{"id":7788,"href":"https:\/\/ladepeche.mr\/index.php?rest_route=\/wp\/v2\/posts\/7786\/revisions\/7788"}],"wp:featuredmedia":[{"embeddable":true,"href":"https:\/\/ladepeche.mr\/index.php?rest_route=\/wp\/v2\/media\/7787"}],"wp:attachment":[{"href":"https:\/\/ladepeche.mr\/index.php?rest_route=%2Fwp%2Fv2%2Fmedia&parent=7786"}],"wp:term":[{"taxonomy":"category","embeddable":true,"href":"https:\/\/ladepeche.mr\/index.php?rest_route=%2Fwp%2Fv2%2Fcategories&post=7786"},{"taxonomy":"post_tag","embeddable":true,"href":"https:\/\/ladepeche.mr\/index.php?rest_route=%2Fwp%2Fv2%2Ftags&post=7786"}],"curies":[{"name":"wp","href":"https:\/\/api.w.org\/{rel}","templated":true}]}}