{"id":7798,"date":"2023-11-21T00:14:35","date_gmt":"2023-11-21T00:14:35","guid":{"rendered":"https:\/\/ladepeche.mr\/?p=7798"},"modified":"2023-11-21T00:15:13","modified_gmt":"2023-11-21T00:15:13","slug":"7798","status":"publish","type":"post","link":"https:\/\/ladepeche.mr\/?p=7798","title":{"rendered":"Des signataires de cinq nouveaux pays africains viennent de rejoindre  \u2018\u2019 l\u2019Appel de Tanger\u2019\u2019 pour l\u2019expulsion de la Pseudo-Rasd de l\u2019Union Africaine."},"content":{"rendered":"<p>Tanger \u2013 Lors d\u2019une r\u00e9union de suivi de \u2018\u2019 l\u2019Appel de Tanger\u2019\u2019, organis\u00e9e en marge du Forum MEDays, cinq anciens ministres africains des Affaires Etrang\u00e8res ont proc\u00e9d\u00e9 \u00e0 la signature de cet \u2018\u2019 Appel\u2019\u2019 initi\u00e9, en date du 4 novembre 2022 \u00e0 Tanger.<\/p>\n<p>Il s\u2019agit de MM. David J. Francis, d\u2019Urbino Botelho, d\u2019Ezechiel Nibigira, d\u2019Albert Mabri Toikeusse et de Cheikh Tidiane Gadio, respectivement ancien chef de la diplomatie de la Sierra Leone, de Sao Tom\u00e9 &#038; Princip\u00e9, du Burundi, de C\u00f4te d\u2019Ivoire et du S\u00e9n\u00e9gal, initiateur des tables rondes r\u00e9gionales sur le sujet de l\u2019expulsion de la Pseudo-Rasd de l\u2019Union Africaine.<\/p>\n<p>Cela porte \u00e0 23 le nombre des signataires de \u2018\u2019 l\u2019Appel de Tanger\u2019\u2019 depuis son lancement il y a un an.<\/p>\n<p>Les signataires de \u2018\u2019 l\u2019Appel de Tanger\u2019\u2019 se sont f\u00e9licit\u00e9s de l\u2019impact continental et de la dynamique suscit\u00e9s par cette initiative et ont exprim\u00e9 leur volont\u00e9 de les renforcer davantage tout en r\u00e9it\u00e9rant leur engagement \u00e0 continuer \u00e0 \u0153uvrer pour \u00ab l\u2019exclusion urgente \u00bb de la Pseudo-Rasd, entit\u00e9 non-\u00e9tatique de l\u2019Union Africaine.<\/p>\n<p>Ils ont salu\u00e9 \u2018\u2019 l\u2019engagement croissant en Afrique en faveur de la marocanit\u00e9 du Sahara en soulignant que la multiplication des Consulats G\u00e9n\u00e9raux aux villes marocaines de Dakhla et La\u00e2youne t\u00e9moigne de la vitalit\u00e9 du dialogue panafricain et de la volont\u00e9 commune de surmonter les divisions, h\u00e9rit\u00e9es d\u2019une \u00e9poque r\u00e9volue, pour b\u00e2tir un avenir prosp\u00e8re en Afrique\u2019\u2019.<\/p>\n<p>Par ailleurs, les signataires \u2018\u2019 se sont f\u00e9licit\u00e9s du contenu de la r\u00e9solution 2703 du Conseil de S\u00e9curit\u00e9 des Nations Unies, reconnaissant que le conflit du Sahara ne peut \u00eatre r\u00e9solu que par une solution juste, durable et mutuellement acceptable, et valorisant le pragmatisme, le r\u00e9alisme et l\u2019esprit de compromis, qui caract\u00e9risent le plan marocain d\u2019Autonomie\u2019\u2019.<\/p>\n<p>Par la m\u00eame occasion, ils ont r\u00e9affirm\u00e9 \u2018\u2019 leur plein soutien au Plan marocain d\u2019Autonomie comme seule solution pour la r\u00e9solution d\u00e9finitive du diff\u00e9rend r\u00e9gional autour du Sahara marocain, tout en saluant l\u2019appui international qu\u2019il ne cesse d\u2019engranger\u2019\u2019.<\/p>\n<p>Les signataires ont \u00e9galement appel\u00e9 \u2018\u2019 la communaut\u00e9 africaine et internationale \u00e0 adh\u00e9rer pleinement au Plan marocain d\u2019autonomie pour mettre un terme \u00e0 ce conflit qui n\u2019a que trop dur\u00e9 en r\u00e9it\u00e9rant \u2018\u2019 leur plein engagement et leur totale mobilisation pour faire expulser la Pseudo-Rasd de l\u2019Union Africaine, pr\u00e9requis indispensable au retour de l\u2019impartialit\u00e9 et de la cr\u00e9dibilit\u00e9 de l\u2019Organisation panafricaine sur la question du Sahara marocain\u2019\u2019.<br \/>\nMAP<strong><\/p>\n","protected":false},"excerpt":{"rendered":"<p>Tanger \u2013 Lors d\u2019une r\u00e9union de suivi de \u2018\u2019 l\u2019Appel de Tanger\u2019\u2019, organis\u00e9e en marge du Forum MEDays, cinq anciens ministres africains des Affaires Etrang\u00e8res ont proc\u00e9d\u00e9 \u00e0 la signature de cet \u2018\u2019 Appel\u2019\u2019 initi\u00e9, en date du 4 novembre 2022 \u00e0 Tanger. Il s\u2019agit de MM. David J. Francis, d\u2019Urbino Botelho, d\u2019Ezechiel Nibigira, d\u2019Albert &hellip;<\/p>\n","protected":false},"author":2,"featured_media":7799,"comment_status":"open","ping_status":"open","sticky":false,"template":"","format":"standard","meta":{"footnotes":""},"categories":[18,29],"tags":[],"class_list":["post-7798","post","type-post","status-publish","format-standard","has-post-thumbnail","hentry","category-actualites","category-monde"],"_links":{"self":[{"href":"https:\/\/ladepeche.mr\/index.php?rest_route=\/wp\/v2\/posts\/7798","targetHints":{"allow":["GET"]}}],"collection":[{"href":"https:\/\/ladepeche.mr\/index.php?rest_route=\/wp\/v2\/posts"}],"about":[{"href":"https:\/\/ladepeche.mr\/index.php?rest_route=\/wp\/v2\/types\/post"}],"author":[{"embeddable":true,"href":"https:\/\/ladepeche.mr\/index.php?rest_route=\/wp\/v2\/users\/2"}],"replies":[{"embeddable":true,"href":"https:\/\/ladepeche.mr\/index.php?rest_route=%2Fwp%2Fv2%2Fcomments&post=7798"}],"version-history":[{"count":2,"href":"https:\/\/ladepeche.mr\/index.php?rest_route=\/wp\/v2\/posts\/7798\/revisions"}],"predecessor-version":[{"id":7801,"href":"https:\/\/ladepeche.mr\/index.php?rest_route=\/wp\/v2\/posts\/7798\/revisions\/7801"}],"wp:featuredmedia":[{"embeddable":true,"href":"https:\/\/ladepeche.mr\/index.php?rest_route=\/wp\/v2\/media\/7799"}],"wp:attachment":[{"href":"https:\/\/ladepeche.mr\/index.php?rest_route=%2Fwp%2Fv2%2Fmedia&parent=7798"}],"wp:term":[{"taxonomy":"category","embeddable":true,"href":"https:\/\/ladepeche.mr\/index.php?rest_route=%2Fwp%2Fv2%2Fcategories&post=7798"},{"taxonomy":"post_tag","embeddable":true,"href":"https:\/\/ladepeche.mr\/index.php?rest_route=%2Fwp%2Fv2%2Ftags&post=7798"}],"curies":[{"name":"wp","href":"https:\/\/api.w.org\/{rel}","templated":true}]}}