{"id":7802,"date":"2023-11-21T00:35:11","date_gmt":"2023-11-21T00:35:11","guid":{"rendered":"https:\/\/ladepeche.mr\/?p=7802"},"modified":"2023-11-21T00:35:11","modified_gmt":"2023-11-21T00:35:11","slug":"reunion-du-comite-interministeriel-charge-de-lamelioration-du-climat-des-affaires-et-de-la-promotion-de-linvestissement","status":"publish","type":"post","link":"https:\/\/ladepeche.mr\/?p=7802","title":{"rendered":"R\u00e9union Du Comit\u00e9 Interminist\u00e9riel charg\u00e9 de l\u2019am\u00e9lioration du climat des affaires et de la promotion de l\u2019investissement"},"content":{"rendered":"<p>Le Comit\u00e9 interminist\u00e9riel charg\u00e9 de l\u2019am\u00e9lioration du climat des affaires et de la promotion de l\u2019Investissement s\u2019est r\u00e9uni, lundi \u00e0 Nouakchott, sous la pr\u00e9sidence du Premier ministre Monsieur Mohamed Ould Bilal Messaoud.<\/p>\n<p>La r\u00e9union a donn\u00e9 lieu \u00e0 une pr\u00e9sentation sur l\u2019\u00e9tat d\u2019avancement de la mise en \u0153uvre du plan d\u2019action approuv\u00e9 apr\u00e8s l\u2019int\u00e9gration des activit\u00e9s du plan \u00e9manant de la r\u00e9union du Conseil Supr\u00eame de l\u2019Investissement, tenue sous la pr\u00e9sidence du Pr\u00e9sident de la R\u00e9publique, Son Excellence Monsieur Mohamed Ould Cheikh Ghazouani, dans le but d\u2019am\u00e9liorer le climat des affaires et de promouvoir l\u2019investissement dans notre pays.<\/p>\n<p>Apr\u00e8s discussion et d\u00e9lib\u00e9ration sur le sujet, le comit\u00e9 a convenu de la n\u00e9cessit\u00e9 de prendre toutes les mesures visant \u00e0 acc\u00e9l\u00e9rer le rythme de mise en \u0153uvre du plan.<\/p>\n<p>Au terme de la r\u00e9union, le Premier ministre a enjoint tous les d\u00e9partements gouvernementaux concern\u00e9s \u00e0 redoubler d\u2019efforts, afin d\u2019acc\u00e9l\u00e9rer le rythme de la mise en \u0153uvre, et de faire du pays une destination attrayante des investissements, gr\u00e2ce aux opportunit\u00e9s et aux incitations qu\u2019il offre, et qui susceptible de renforcer l\u2019attractivit\u00e9 du climat d\u2019investissement dans le pays.<br \/>\nami<\/p>\n","protected":false},"excerpt":{"rendered":"<p>Le Comit\u00e9 interminist\u00e9riel charg\u00e9 de l\u2019am\u00e9lioration du climat des affaires et de la promotion de l\u2019Investissement s\u2019est r\u00e9uni, lundi \u00e0 Nouakchott, sous la pr\u00e9sidence du Premier ministre Monsieur Mohamed Ould Bilal Messaoud. La r\u00e9union a donn\u00e9 lieu \u00e0 une pr\u00e9sentation sur l\u2019\u00e9tat d\u2019avancement de la mise en \u0153uvre du plan d\u2019action approuv\u00e9 apr\u00e8s l\u2019int\u00e9gration des &hellip;<\/p>\n","protected":false},"author":2,"featured_media":7803,"comment_status":"open","ping_status":"open","sticky":false,"template":"","format":"standard","meta":{"footnotes":""},"categories":[18,2],"tags":[],"class_list":["post-7802","post","type-post","status-publish","format-standard","has-post-thumbnail","hentry","category-actualites","category-economie"],"_links":{"self":[{"href":"https:\/\/ladepeche.mr\/index.php?rest_route=\/wp\/v2\/posts\/7802","targetHints":{"allow":["GET"]}}],"collection":[{"href":"https:\/\/ladepeche.mr\/index.php?rest_route=\/wp\/v2\/posts"}],"about":[{"href":"https:\/\/ladepeche.mr\/index.php?rest_route=\/wp\/v2\/types\/post"}],"author":[{"embeddable":true,"href":"https:\/\/ladepeche.mr\/index.php?rest_route=\/wp\/v2\/users\/2"}],"replies":[{"embeddable":true,"href":"https:\/\/ladepeche.mr\/index.php?rest_route=%2Fwp%2Fv2%2Fcomments&post=7802"}],"version-history":[{"count":1,"href":"https:\/\/ladepeche.mr\/index.php?rest_route=\/wp\/v2\/posts\/7802\/revisions"}],"predecessor-version":[{"id":7804,"href":"https:\/\/ladepeche.mr\/index.php?rest_route=\/wp\/v2\/posts\/7802\/revisions\/7804"}],"wp:featuredmedia":[{"embeddable":true,"href":"https:\/\/ladepeche.mr\/index.php?rest_route=\/wp\/v2\/media\/7803"}],"wp:attachment":[{"href":"https:\/\/ladepeche.mr\/index.php?rest_route=%2Fwp%2Fv2%2Fmedia&parent=7802"}],"wp:term":[{"taxonomy":"category","embeddable":true,"href":"https:\/\/ladepeche.mr\/index.php?rest_route=%2Fwp%2Fv2%2Fcategories&post=7802"},{"taxonomy":"post_tag","embeddable":true,"href":"https:\/\/ladepeche.mr\/index.php?rest_route=%2Fwp%2Fv2%2Ftags&post=7802"}],"curies":[{"name":"wp","href":"https:\/\/api.w.org\/{rel}","templated":true}]}}