{"id":7805,"date":"2023-11-21T00:41:18","date_gmt":"2023-11-21T00:41:18","guid":{"rendered":"https:\/\/ladepeche.mr\/?p=7805"},"modified":"2023-11-21T00:41:18","modified_gmt":"2023-11-21T00:41:18","slug":"la-commission-des-affaires-economiques-discute-dun-projet-de-loi-relatif-aux-start-ups","status":"publish","type":"post","link":"https:\/\/ladepeche.mr\/?p=7805","title":{"rendered":"La commission des affaires \u00e9conomiques discute d\u2019un projet de loi relatif aux Start-ups"},"content":{"rendered":"<p>La commission des affaires \u00e9conomiques de l\u2019Assembl\u00e9e nationale a consacr\u00e9 la s\u00e9ance tenue ce lundi, sous la pr\u00e9sidence de M. Mohamed Lamine Sidi Mouloud, pr\u00e9sident de la commission, \u00e0 l\u2019examen d\u2019un projet de loi relatif aux entreprises technologiques et innovantes \u00e9mergentes.<\/p>\n<p>Au cours de la s\u00e9ance, la commission a suivi une pr\u00e9sentation faite par le ministre de la Transformation num\u00e9rique, de l\u2019Innovation et de la Modernisation de l\u2019Administration, Monsieur Mohamed Abdallahi Ould Louly, dans laquelle il a pass\u00e9 en revue les avantages et les caract\u00e9ristiques de ce type d\u2019entreprise et la valeur ajout\u00e9e qu\u2019elle est cens\u00e9e g\u00e9n\u00e9rer. F<\/p>\n<p>Il a ajout\u00e9 que les Start-ups permettent de renforcer la croissance \u00e9conomique, de cr\u00e9er des opportunit\u00e9s d\u2019emploi et de moderniser de nombreux secteurs sociaux et \u00e9conomiques.<\/p>\n","protected":false},"excerpt":{"rendered":"<p>La commission des affaires \u00e9conomiques de l\u2019Assembl\u00e9e nationale a consacr\u00e9 la s\u00e9ance tenue ce lundi, sous la pr\u00e9sidence de M. Mohamed Lamine Sidi Mouloud, pr\u00e9sident de la commission, \u00e0 l\u2019examen d\u2019un projet de loi relatif aux entreprises technologiques et innovantes \u00e9mergentes. Au cours de la s\u00e9ance, la commission a suivi une pr\u00e9sentation faite par le &hellip;<\/p>\n","protected":false},"author":2,"featured_media":7806,"comment_status":"open","ping_status":"open","sticky":false,"template":"","format":"standard","meta":{"footnotes":""},"categories":[18,2],"tags":[],"class_list":["post-7805","post","type-post","status-publish","format-standard","has-post-thumbnail","hentry","category-actualites","category-economie"],"_links":{"self":[{"href":"https:\/\/ladepeche.mr\/index.php?rest_route=\/wp\/v2\/posts\/7805","targetHints":{"allow":["GET"]}}],"collection":[{"href":"https:\/\/ladepeche.mr\/index.php?rest_route=\/wp\/v2\/posts"}],"about":[{"href":"https:\/\/ladepeche.mr\/index.php?rest_route=\/wp\/v2\/types\/post"}],"author":[{"embeddable":true,"href":"https:\/\/ladepeche.mr\/index.php?rest_route=\/wp\/v2\/users\/2"}],"replies":[{"embeddable":true,"href":"https:\/\/ladepeche.mr\/index.php?rest_route=%2Fwp%2Fv2%2Fcomments&post=7805"}],"version-history":[{"count":1,"href":"https:\/\/ladepeche.mr\/index.php?rest_route=\/wp\/v2\/posts\/7805\/revisions"}],"predecessor-version":[{"id":7807,"href":"https:\/\/ladepeche.mr\/index.php?rest_route=\/wp\/v2\/posts\/7805\/revisions\/7807"}],"wp:featuredmedia":[{"embeddable":true,"href":"https:\/\/ladepeche.mr\/index.php?rest_route=\/wp\/v2\/media\/7806"}],"wp:attachment":[{"href":"https:\/\/ladepeche.mr\/index.php?rest_route=%2Fwp%2Fv2%2Fmedia&parent=7805"}],"wp:term":[{"taxonomy":"category","embeddable":true,"href":"https:\/\/ladepeche.mr\/index.php?rest_route=%2Fwp%2Fv2%2Fcategories&post=7805"},{"taxonomy":"post_tag","embeddable":true,"href":"https:\/\/ladepeche.mr\/index.php?rest_route=%2Fwp%2Fv2%2Ftags&post=7805"}],"curies":[{"name":"wp","href":"https:\/\/api.w.org\/{rel}","templated":true}]}}