{"id":7818,"date":"2023-11-25T10:05:12","date_gmt":"2023-11-25T10:05:12","guid":{"rendered":"https:\/\/ladepeche.mr\/?p=7818"},"modified":"2023-11-25T10:05:12","modified_gmt":"2023-11-25T10:05:12","slug":"inauguration-du-siege-du-centre-zayed-pour-enfants-autistes","status":"publish","type":"post","link":"https:\/\/ladepeche.mr\/?p=7818","title":{"rendered":"Inauguration du si\u00e8ge du centre Zayed pour enfants autistes"},"content":{"rendered":"<p> La premi\u00e8re dame Marieme Fadel Dah a inaugur\u00e9 jeudi \u00e0 Nouakchott, le si\u00e8ge du centre Zayed pour les enfants autistes, \u00e0 l\u2019occasion du 63\u00e8me anniversaire de l\u2019ind\u00e9pendance nationale.<\/p>\n<p>Dans un discours qu\u2019elle a prononc\u00e9 \u00e0 cette occasion, la premi\u00e8re dame a d\u00e9clar\u00e9 que c\u2019est en r\u00e9ponse \u00e0 la douleur de familles mauritaniennes parents d\u2019enfants autistes, et par refus de la perp\u00e9tuation de leur situation de p\u00e9nibilit\u00e9 extr\u00eame, que l\u2019id\u00e9e de cr\u00e9er un centre mauritanien pour la prise en charge des enfants autistes a germ\u00e9 chez nous.<\/p>\n<p>Cela a-t-elle ajout\u00e9 en d\u00e9pit du contexte difficile o\u00f9 se combinent de nombreux facteurs d\u00e9courageants, tels que le manque de structures de prise en charge des enfants autistes ou d\u2019alternatives locales de r\u00e9habilitation, et le manque d\u2019\u00e9ducation m\u00e9dicale et sociale sp\u00e9cialis\u00e9e en la mati\u00e8re.<\/p>\n<p>Elle a ajout\u00e9 que la mise en place de cet \u00e9tablissement va contribuer au renforcement et \u00e0 la sensibilisation sur ces questions, et que ses outils et capacit\u00e9s d\u2019accueil se sont d\u00e9velopp\u00e9s.<\/p>\n<p>Les liens avec les partenaires, notamment les m\u00e8res, les associations et les autorit\u00e9s publiques nationales et internationales, et ses capacit\u00e9s ont \u00e9t\u00e9 multipli\u00e9es par huit, soulignant qu\u2019il est pass\u00e9 de la prise en charge de 30 enfants lors de sa cr\u00e9ation \u00e0 la prise en charge de 246 enfants \u00e0 l\u2019heure actuelle.<\/p>\n<p>Le centre dispense plusieurs services, dont l\u2019intervention pr\u00e9coce, des s\u00e9ances individuelles de modification du comportement, de la parole et de la communication, de l\u2019ergoth\u00e9rapie et de la physioth\u00e9rapie, en plus des activit\u00e9s r\u00e9cr\u00e9atives th\u00e9rapeutiques, du diagnostic, des soins naturels parall\u00e8les, du transport, de la formation d\u2019\u00e9quipes sp\u00e9cialis\u00e9es et des cours de formation pour les familles.<\/p>\n<p>Le centre offrira dans son si\u00e8ge inaugur\u00e9 aujourd\u2019hui, les services \u00e0 246 enfants r\u00e9partis sur trois p\u00e9riodes th\u00e9rapeutiques \u00e0 travers 9 d\u00e9partements d\u2019\u00e9ducation sp\u00e9cialis\u00e9e, 3 d\u00e9partements d\u2019orthophonie, deux salles d\u2019ergoth\u00e9rapie, deux salles de physioth\u00e9rapie, une grande piscine, un grand terrain de jeu, une grande salle \u00e0 manger, en plus des salles d\u2019entra\u00eenement et de diagnostic, et une annexe de divertissement.<\/p>\n<p>Celle-ci qui comprend une \u00e9curie pour la th\u00e9rapie \u00e9questre et une grande aire de jeux \u00e9quip\u00e9e de tous les \u00e9quipements sportifs permettant de r\u00e9soudre les probl\u00e8mes moteurs des enfants, en plus de logements enti\u00e8rement \u00e9quip\u00e9s pour les sp\u00e9cialistes.<br \/>\nsaharam\u00e9dias<\/p>\n","protected":false},"excerpt":{"rendered":"<p>La premi\u00e8re dame Marieme Fadel Dah a inaugur\u00e9 jeudi \u00e0 Nouakchott, le si\u00e8ge du centre Zayed pour les enfants autistes, \u00e0 l\u2019occasion du 63\u00e8me anniversaire de l\u2019ind\u00e9pendance nationale. Dans un discours qu\u2019elle a prononc\u00e9 \u00e0 cette occasion, la premi\u00e8re dame a d\u00e9clar\u00e9 que c\u2019est en r\u00e9ponse \u00e0 la douleur de familles mauritaniennes parents d\u2019enfants autistes, &hellip;<\/p>\n","protected":false},"author":2,"featured_media":7819,"comment_status":"open","ping_status":"open","sticky":false,"template":"","format":"standard","meta":{"footnotes":""},"categories":[18],"tags":[],"class_list":["post-7818","post","type-post","status-publish","format-standard","has-post-thumbnail","hentry","category-actualites"],"_links":{"self":[{"href":"https:\/\/ladepeche.mr\/index.php?rest_route=\/wp\/v2\/posts\/7818","targetHints":{"allow":["GET"]}}],"collection":[{"href":"https:\/\/ladepeche.mr\/index.php?rest_route=\/wp\/v2\/posts"}],"about":[{"href":"https:\/\/ladepeche.mr\/index.php?rest_route=\/wp\/v2\/types\/post"}],"author":[{"embeddable":true,"href":"https:\/\/ladepeche.mr\/index.php?rest_route=\/wp\/v2\/users\/2"}],"replies":[{"embeddable":true,"href":"https:\/\/ladepeche.mr\/index.php?rest_route=%2Fwp%2Fv2%2Fcomments&post=7818"}],"version-history":[{"count":1,"href":"https:\/\/ladepeche.mr\/index.php?rest_route=\/wp\/v2\/posts\/7818\/revisions"}],"predecessor-version":[{"id":7820,"href":"https:\/\/ladepeche.mr\/index.php?rest_route=\/wp\/v2\/posts\/7818\/revisions\/7820"}],"wp:featuredmedia":[{"embeddable":true,"href":"https:\/\/ladepeche.mr\/index.php?rest_route=\/wp\/v2\/media\/7819"}],"wp:attachment":[{"href":"https:\/\/ladepeche.mr\/index.php?rest_route=%2Fwp%2Fv2%2Fmedia&parent=7818"}],"wp:term":[{"taxonomy":"category","embeddable":true,"href":"https:\/\/ladepeche.mr\/index.php?rest_route=%2Fwp%2Fv2%2Fcategories&post=7818"},{"taxonomy":"post_tag","embeddable":true,"href":"https:\/\/ladepeche.mr\/index.php?rest_route=%2Fwp%2Fv2%2Ftags&post=7818"}],"curies":[{"name":"wp","href":"https:\/\/api.w.org\/{rel}","templated":true}]}}