{"id":7841,"date":"2023-11-26T19:09:02","date_gmt":"2023-11-26T19:09:02","guid":{"rendered":"https:\/\/ladepeche.mr\/?p=7841"},"modified":"2023-11-26T19:09:02","modified_gmt":"2023-11-26T19:09:02","slug":"centrale-solaire-a-zouerate-sur-financement-snim-pose-de-la-premiere-pierre-par-le-president-de-la-republique","status":"publish","type":"post","link":"https:\/\/ladepeche.mr\/?p=7841","title":{"rendered":"Centrale solaire \u00e0 Zouerate sur financement Snim: Pose de la premi\u00e8re pierre par le pr\u00e9sident de la R\u00e9publique"},"content":{"rendered":"<p>Le Pr\u00e9sident de la R\u00e9publique, Mohamed Ould Cheikh Ghazouani, a proc\u00e9d\u00e9 dimanche dans la ville de Zouerate, \u00e0 la pose de la premi\u00e8re pierre pour la construction d\u2019une centrale solaire, d\u2019une capacit\u00e9 de production de 12 m\u00e9gawatts, sur financement de la Soci\u00e9t\u00e9 nationale industrielle et mini\u00e8re (Snim).<br \/>\nCette derni\u00e8re a mobilis\u00e9 pour la construction de la centrale, qui vient en appoint pour am\u00e9liorer la production d\u2019\u00e9lectricit\u00e9 et augmenter la part des \u00e9nergies renouvelables dans le mix \u00e9nerg\u00e9tique dans la ville mini\u00e8re, \u00e9quivaut \u00e0 4 milliards d&#8217;ouguiyas (10.757.284 Usd). Le projet devrait \u00eatre r\u00e9ceptionn\u00e9 dans 9 mois apr\u00e8s la pose de la premi\u00e8re pierre, sous l&#8217;\u00e9gide du pr\u00e9sident de la R\u00e9publique.<br \/>\nLa pose de la premi\u00e8re pierre du projet s&#8217;inscrit dans le cadre de la s\u00e9rie d&#8217;inaugurations de projets socio-\u00e9conomiques dans le pays \u00e0 l&#8217;occasion de la comm\u00e9moration du 63\u00e8me anniversaire de l&#8217;Ind\u00e9pendance nationale.<\/p>\n","protected":false},"excerpt":{"rendered":"<p>Le Pr\u00e9sident de la R\u00e9publique, Mohamed Ould Cheikh Ghazouani, a proc\u00e9d\u00e9 dimanche dans la ville de Zouerate, \u00e0 la pose de la premi\u00e8re pierre pour la construction d\u2019une centrale solaire, d\u2019une capacit\u00e9 de production de 12 m\u00e9gawatts, sur financement de la Soci\u00e9t\u00e9 nationale industrielle et mini\u00e8re (Snim). Cette derni\u00e8re a mobilis\u00e9 pour la construction de &hellip;<\/p>\n","protected":false},"author":2,"featured_media":7847,"comment_status":"open","ping_status":"open","sticky":false,"template":"","format":"standard","meta":{"footnotes":""},"categories":[18,2],"tags":[],"class_list":["post-7841","post","type-post","status-publish","format-standard","has-post-thumbnail","hentry","category-actualites","category-economie"],"_links":{"self":[{"href":"https:\/\/ladepeche.mr\/index.php?rest_route=\/wp\/v2\/posts\/7841","targetHints":{"allow":["GET"]}}],"collection":[{"href":"https:\/\/ladepeche.mr\/index.php?rest_route=\/wp\/v2\/posts"}],"about":[{"href":"https:\/\/ladepeche.mr\/index.php?rest_route=\/wp\/v2\/types\/post"}],"author":[{"embeddable":true,"href":"https:\/\/ladepeche.mr\/index.php?rest_route=\/wp\/v2\/users\/2"}],"replies":[{"embeddable":true,"href":"https:\/\/ladepeche.mr\/index.php?rest_route=%2Fwp%2Fv2%2Fcomments&post=7841"}],"version-history":[{"count":2,"href":"https:\/\/ladepeche.mr\/index.php?rest_route=\/wp\/v2\/posts\/7841\/revisions"}],"predecessor-version":[{"id":7851,"href":"https:\/\/ladepeche.mr\/index.php?rest_route=\/wp\/v2\/posts\/7841\/revisions\/7851"}],"wp:featuredmedia":[{"embeddable":true,"href":"https:\/\/ladepeche.mr\/index.php?rest_route=\/wp\/v2\/media\/7847"}],"wp:attachment":[{"href":"https:\/\/ladepeche.mr\/index.php?rest_route=%2Fwp%2Fv2%2Fmedia&parent=7841"}],"wp:term":[{"taxonomy":"category","embeddable":true,"href":"https:\/\/ladepeche.mr\/index.php?rest_route=%2Fwp%2Fv2%2Fcategories&post=7841"},{"taxonomy":"post_tag","embeddable":true,"href":"https:\/\/ladepeche.mr\/index.php?rest_route=%2Fwp%2Fv2%2Ftags&post=7841"}],"curies":[{"name":"wp","href":"https:\/\/api.w.org\/{rel}","templated":true}]}}