{"id":7887,"date":"2023-11-29T13:13:01","date_gmt":"2023-11-29T13:13:01","guid":{"rendered":"https:\/\/ladepeche.mr\/?p=7887"},"modified":"2023-11-29T13:13:01","modified_gmt":"2023-11-29T13:13:01","slug":"reunion-mensuelle-de-coordination-entre-la-bcm-et-les-banques-primaires-bp","status":"publish","type":"post","link":"https:\/\/ladepeche.mr\/?p=7887","title":{"rendered":"R\u00e9union Mensuelle de Coordination entre la BCM et les Banques Primaires (BP)"},"content":{"rendered":"<p>La r\u00e9union mensuelle entre la Banque Centrale de Mauritanie (BCM) et les banques primaires s\u2019est tenue aujourd\u2019hui, en pr\u00e9sence du Gouverneur M. Mohamed-Lemine DHEHBY. L\u2019ordre du jour comprenait plusieurs points cl\u00e9s : le lancement, vendredi dernier, du syst\u00e8me ATS-CSD ; l\u2019\u00e9tat d\u2019avancement de la gouvernance des donn\u00e9es BCM ; le lancement, pr\u00e9vu pour le 14 d\u00e9cembre, du march\u00e9 de change ; la mise en place du cadre des collat\u00e9raux ; et enfin, l\u2019\u00e9tat d\u2019avancement des travaux de lutte contre le blanchiment (LAB-FT). Ces r\u00e9unions mensuelles t\u00e9moignent des efforts fournis pour la modernisation de la place financi\u00e8re.<br \/>\nSource BCM<\/p>\n","protected":false},"excerpt":{"rendered":"<p>La r\u00e9union mensuelle entre la Banque Centrale de Mauritanie (BCM) et les banques primaires s\u2019est tenue aujourd\u2019hui, en pr\u00e9sence du Gouverneur M. Mohamed-Lemine DHEHBY. L\u2019ordre du jour comprenait plusieurs points cl\u00e9s : le lancement, vendredi dernier, du syst\u00e8me ATS-CSD ; l\u2019\u00e9tat d\u2019avancement de la gouvernance des donn\u00e9es BCM ; le lancement, pr\u00e9vu pour le 14 &hellip;<\/p>\n","protected":false},"author":2,"featured_media":7888,"comment_status":"open","ping_status":"open","sticky":false,"template":"","format":"standard","meta":{"footnotes":""},"categories":[18,2],"tags":[],"class_list":["post-7887","post","type-post","status-publish","format-standard","has-post-thumbnail","hentry","category-actualites","category-economie"],"_links":{"self":[{"href":"https:\/\/ladepeche.mr\/index.php?rest_route=\/wp\/v2\/posts\/7887","targetHints":{"allow":["GET"]}}],"collection":[{"href":"https:\/\/ladepeche.mr\/index.php?rest_route=\/wp\/v2\/posts"}],"about":[{"href":"https:\/\/ladepeche.mr\/index.php?rest_route=\/wp\/v2\/types\/post"}],"author":[{"embeddable":true,"href":"https:\/\/ladepeche.mr\/index.php?rest_route=\/wp\/v2\/users\/2"}],"replies":[{"embeddable":true,"href":"https:\/\/ladepeche.mr\/index.php?rest_route=%2Fwp%2Fv2%2Fcomments&post=7887"}],"version-history":[{"count":1,"href":"https:\/\/ladepeche.mr\/index.php?rest_route=\/wp\/v2\/posts\/7887\/revisions"}],"predecessor-version":[{"id":7889,"href":"https:\/\/ladepeche.mr\/index.php?rest_route=\/wp\/v2\/posts\/7887\/revisions\/7889"}],"wp:featuredmedia":[{"embeddable":true,"href":"https:\/\/ladepeche.mr\/index.php?rest_route=\/wp\/v2\/media\/7888"}],"wp:attachment":[{"href":"https:\/\/ladepeche.mr\/index.php?rest_route=%2Fwp%2Fv2%2Fmedia&parent=7887"}],"wp:term":[{"taxonomy":"category","embeddable":true,"href":"https:\/\/ladepeche.mr\/index.php?rest_route=%2Fwp%2Fv2%2Fcategories&post=7887"},{"taxonomy":"post_tag","embeddable":true,"href":"https:\/\/ladepeche.mr\/index.php?rest_route=%2Fwp%2Fv2%2Ftags&post=7887"}],"curies":[{"name":"wp","href":"https:\/\/api.w.org\/{rel}","templated":true}]}}