{"id":7890,"date":"2023-11-29T13:25:01","date_gmt":"2023-11-29T13:25:01","guid":{"rendered":"https:\/\/ladepeche.mr\/?p=7890"},"modified":"2023-11-29T13:25:34","modified_gmt":"2023-11-29T13:25:34","slug":"macky-sall-a-propos-de-ghazouani-sur-sa-page-linkedin","status":"publish","type":"post","link":"https:\/\/ladepeche.mr\/?p=7890","title":{"rendered":"Macky Sall \u00e0 propos de Ghazouani (sur sa page Linkedin)"},"content":{"rendered":"<p>Je remercie vivement mon fr\u00e8re Mohamed Ould Cheikh El Ghazouani, d\u2019avoir bien voulu, pour la 2e fois, rehausser de sa pr\u00e9sence le Forum international de Dakar sur la paix et la s\u00e9curit\u00e9 en Afrique.<\/p>\n<p>J\u2019appr\u00e9cie beaucoup cette marque renouvel\u00e9e d\u2019amiti\u00e9 de sa part. Nous sommes ravis et honor\u00e9s de vous compter parmi nous, dans la pure tradition des relations ancestrales entre les peuples s\u00e9n\u00e9galais et mauritaniens.<br \/>\nMerci \u00e0 vous, Monsieur le Premier Ministre Geraldo Martins, pour votre participation, symbole des liens multiformes qui unissent nos deux pays.<\/p>\n<p>Le th\u00e8me de cette 9e \u00e9dition, \u00abL\u2019Afrique des potentiels et des solutions face aux d\u00e9fis s\u00e9curitaires et \u00e0 l\u2019instabilit\u00e9 institutionnelle\u00bb, met en lumi\u00e8re les contrastes de notre continent : une Afrique grande et riche, qui aspire \u00e0 l\u2019\u00e9mergence, mais toujours en retard sur le processus de d\u00e9veloppement ; une Afrique qui progresse sur la voie de la d\u00e9mocratie, mais encore secou\u00e9e par l\u2019instabilit\u00e9 institutionnelle ; une Afrique engag\u00e9e \u00e0 faire taire les armes, mais toujours sous le feu ravageur des conflits et du terrorisme.<\/p>\n","protected":false},"excerpt":{"rendered":"<p>Je remercie vivement mon fr\u00e8re Mohamed Ould Cheikh El Ghazouani, d\u2019avoir bien voulu, pour la 2e fois, rehausser de sa pr\u00e9sence le Forum international de Dakar sur la paix et la s\u00e9curit\u00e9 en Afrique. J\u2019appr\u00e9cie beaucoup cette marque renouvel\u00e9e d\u2019amiti\u00e9 de sa part. Nous sommes ravis et honor\u00e9s de vous compter parmi nous, dans la &hellip;<\/p>\n","protected":false},"author":2,"featured_media":7891,"comment_status":"open","ping_status":"open","sticky":false,"template":"","format":"standard","meta":{"footnotes":""},"categories":[18,29,31],"tags":[],"class_list":["post-7890","post","type-post","status-publish","format-standard","has-post-thumbnail","hentry","category-actualites","category-monde","category-politique-et-reportages"],"_links":{"self":[{"href":"https:\/\/ladepeche.mr\/index.php?rest_route=\/wp\/v2\/posts\/7890","targetHints":{"allow":["GET"]}}],"collection":[{"href":"https:\/\/ladepeche.mr\/index.php?rest_route=\/wp\/v2\/posts"}],"about":[{"href":"https:\/\/ladepeche.mr\/index.php?rest_route=\/wp\/v2\/types\/post"}],"author":[{"embeddable":true,"href":"https:\/\/ladepeche.mr\/index.php?rest_route=\/wp\/v2\/users\/2"}],"replies":[{"embeddable":true,"href":"https:\/\/ladepeche.mr\/index.php?rest_route=%2Fwp%2Fv2%2Fcomments&post=7890"}],"version-history":[{"count":1,"href":"https:\/\/ladepeche.mr\/index.php?rest_route=\/wp\/v2\/posts\/7890\/revisions"}],"predecessor-version":[{"id":7892,"href":"https:\/\/ladepeche.mr\/index.php?rest_route=\/wp\/v2\/posts\/7890\/revisions\/7892"}],"wp:featuredmedia":[{"embeddable":true,"href":"https:\/\/ladepeche.mr\/index.php?rest_route=\/wp\/v2\/media\/7891"}],"wp:attachment":[{"href":"https:\/\/ladepeche.mr\/index.php?rest_route=%2Fwp%2Fv2%2Fmedia&parent=7890"}],"wp:term":[{"taxonomy":"category","embeddable":true,"href":"https:\/\/ladepeche.mr\/index.php?rest_route=%2Fwp%2Fv2%2Fcategories&post=7890"},{"taxonomy":"post_tag","embeddable":true,"href":"https:\/\/ladepeche.mr\/index.php?rest_route=%2Fwp%2Fv2%2Ftags&post=7890"}],"curies":[{"name":"wp","href":"https:\/\/api.w.org\/{rel}","templated":true}]}}