{"id":7902,"date":"2023-11-29T21:43:48","date_gmt":"2023-11-29T21:43:48","guid":{"rendered":"https:\/\/ladepeche.mr\/?p=7902"},"modified":"2023-11-29T21:43:48","modified_gmt":"2023-11-29T21:43:48","slug":"communique-du-conseil-des-ministres-du-mercredi-29-novembre-2023","status":"publish","type":"post","link":"https:\/\/ladepeche.mr\/?p=7902","title":{"rendered":"Communiqu\u00e9 du Conseil des Ministres du mercredi 29 novembre 2023"},"content":{"rendered":"<p>Le  Conseil des ministres s\u2019est r\u00e9uni le mercredi 29 novembre 2023 sous la pr\u00e9sidence de Son Excellence Monsieur Mohamed Ould Cheikh El Ghazouani, Pr\u00e9sident de la R\u00e9publique.<\/p>\n<p>Le Conseil a examin\u00e9 et approuv\u00e9 le projet de loi abrogeant et rempla\u00e7ant certaines dispositions de l\u2019Ordonnance n\u00b0 2005-006 du 29 septembre 2005 modifi\u00e9e portant institution d\u2019un r\u00e9gime d\u2019assurance maladie. Le pr\u00e9sent projet de loi vient consolider les r\u00e9formes mises en \u0153uvre par le gouvernement depuis 2019 pour renforcer la solidarit\u00e9 et la coh\u00e9sion sociale nationales des populations, dont la sant\u00e9 constitue un \u00e9l\u00e9ment fondamental.<\/p>\n<p>A cet \u00e9gard, il vise \u00e0 \u00e9tendre la couverture de l\u2019assurance maladie aux ayants droits de l\u2019assur\u00e9 social d\u00e9c\u00e9d\u00e9, afin de b\u00e9n\u00e9ficier des services de la Caisse Nationale d\u2019Assurance Maladie et \u00e0 contribuer ainsi \u00e0 l\u2019am\u00e9lioration des conditions de sant\u00e9 des populations.<\/p>\n<p>Le Conseil a \u00e9galement examin\u00e9 et adopt\u00e9 les projets de d\u00e9crets suivants :<\/p>\n<p>\u2010 Projet de d\u00e9cret portant organisation de l\u2019occupation du domaine public de la voirie.<\/p>\n<p>Le pr\u00e9sent projet de d\u00e9cret a pour objet de d\u00e9finir les modalit\u00e9s applicables \u00e0 l\u2019utilisation du domaine public de la voirie sur l\u2019\u00e9tendue du territoire national.<\/p>\n<p>A ce titre, il d\u00e9termine le r\u00e9gime d\u2019autorisation des occupations du domaine public, en tenant compte des droits et obligations de chacun, qu\u2019il s\u2019agisse de riverains, d\u2019entreprise ou de concessionnaires, ainsi que les conditions administratives et techniques d\u2019ex\u00e9cution des travaux sur les voies publiques et leurs d\u00e9pendances.<\/p>\n<p>De m\u00eame, il organise l\u2019occupation du domaine public sur certaines parties du territoire des communes, notamment en ce qui concerne les am\u00e9nagements, les terrasses des activit\u00e9s commerciales et professionnelles, les \u00e9talages, les d\u00e9p\u00f4ts de mat\u00e9riels, les supports d\u2019appui des op\u00e9rateurs, les panneaux publicitaires, les mobiliers et objet divers.<\/p>\n<p>\u2010 Projet de d\u00e9cret portant r\u00e9organisation de l\u2019\u00c9cole des Hautes \u00c9tudes de Commerce et fixant les r\u00e8gles de son fonctionnement.<\/p>\n<p>Le pr\u00e9sent projet de d\u00e9cret porte sur la r\u00e9organisation de l\u2019\u00abEcole des Hautes \u00c9tudes de Commerce\u00bb et les r\u00e8gles de son fonctionnement, ainsi que le changement de sa d\u00e9nomination en l\u2019Ecole \u00ab Nouakchott Business School \u00bb. L\u2019objectif vis\u00e9 est de doter cette nouvelle \u00c9cole d\u2019un r\u00e9gime des \u00e9tudes r\u00e9pondant aux normes et standards internationaux les plus performants, en vue de mettre en place une \u00c9cole d\u2019excellence dans l\u2019enseignement sup\u00e9rieur.<\/p>\n<p>Ce projet de d\u00e9cret pr\u00e9serve la plupart des dispositions de l\u2019ancien d\u00e9cret tout en pr\u00e9voyant le transfert de l\u2019actif et du passif de l\u2019\u00c9cole des Hautes \u00c9tudes de Commerce \u00e0 l\u2019\u00c9cole Nouakchott Business School afin que celle-ci puisse recevoir ses \u00e9tudiants dans ses locaux \u00e0 l\u2019ouverture de la nouvelle ann\u00e9e universitaire 2023-2024.<\/p>\n<p>Le ministre de l\u2019Int\u00e9rieur et de la D\u00e9centralisation a pr\u00e9sent\u00e9 une communication relative \u00e0 la situation int\u00e9rieure.<\/p>\n<p>Le minist\u00e8re de la Culture, de la Jeunesse, des Sports et des Relations avec le Parlement a pr\u00e9sent\u00e9 une communication relative \u00e0 l\u2019organisation de la 12\u00e8me \u00e9dition du Festival des Cit\u00e9s du Patrimoine, pr\u00e9vue du 08 au 12 d\u00e9cembre prochain.<\/p>\n<p>Cet \u00e9v\u00e8nement annuel s\u2019inscrit d\u00e9sormais dans une approche nouvelle, visant \u00e0 impulser le d\u00e9veloppement local dans les domaines \u00e9conomiques et sociaux, gr\u00e2ce \u00e0 la composante de d\u00e9veloppement initi\u00e9e pour la premi\u00e8re fois lors de l\u2019\u00e9dition 2021 de Ouadane.<\/p>\n<p>Ainsi, le festival de Oualata permettra de consolider les acquis au niveau local et de mettre en exergue les efforts d\u00e9ploy\u00e9s par le gouvernement pour am\u00e9liorer les conditions de vie de populations.<\/p>\n<p>La ministre secr\u00e9taire g\u00e9n\u00e9rale du gouvernement a pr\u00e9sent\u00e9 une communication relative au suivi de l\u2019\u00e9tat d\u2019avancement des grands projets au cours du mois de novembre 2023. La pr\u00e9sente communication vise \u00e0 informer le Gouvernement sur l\u2019\u00e9tat d\u2019avancement du portefeuille des grands projets, qui couvre la quasi-totalit\u00e9 des secteurs cl\u00e9s du d\u00e9veloppement socio\u00e9conomique du pays, au cours du mois novembre 2023.<\/p>\n<p>Globalement, les projets s\u2019ex\u00e9cutent convenablement, avec un rythme plus rapide qu\u2019au mois d\u2019octobre. En effet, moins du quart du portefeuille accuse des retards contre plus des trois quarts des projets qui s\u2019ex\u00e9cutent de mani\u00e8re satisfaisante.<\/p>\n<p>Ces r\u00e9sultats montrent que les mesures prises au cours de ce mois de novembre ont permis de lever un certain nombre de contraintes qui pesaient sur l\u2019ex\u00e9cution des projets et qui ont favoris\u00e9 une \u00e9volution plus rapide.<\/p>\n<p>Le ministre d\u00e9l\u00e9gu\u00e9 aupr\u00e8s du ministre des Affaires \u00e9trang\u00e8res, de la Coop\u00e9ration et des Mauritaniens de l\u2019ext\u00e9rieur charg\u00e9 des Mauritaniens de l\u2019ext\u00e9rieur, a pr\u00e9sent\u00e9 une communication relative \u00e0 la situation internationale.<\/p>\n<p>Ami<\/p>\n","protected":false},"excerpt":{"rendered":"<p>Le Conseil des ministres s\u2019est r\u00e9uni le mercredi 29 novembre 2023 sous la pr\u00e9sidence de Son Excellence Monsieur Mohamed Ould Cheikh El Ghazouani, Pr\u00e9sident de la R\u00e9publique. Le Conseil a examin\u00e9 et approuv\u00e9 le projet de loi abrogeant et rempla\u00e7ant certaines dispositions de l\u2019Ordonnance n\u00b0 2005-006 du 29 septembre 2005 modifi\u00e9e portant institution d\u2019un r\u00e9gime &hellip;<\/p>\n","protected":false},"author":2,"featured_media":0,"comment_status":"open","ping_status":"open","sticky":false,"template":"","format":"standard","meta":{"footnotes":""},"categories":[18],"tags":[],"class_list":["post-7902","post","type-post","status-publish","format-standard","hentry","category-actualites"],"_links":{"self":[{"href":"https:\/\/ladepeche.mr\/index.php?rest_route=\/wp\/v2\/posts\/7902","targetHints":{"allow":["GET"]}}],"collection":[{"href":"https:\/\/ladepeche.mr\/index.php?rest_route=\/wp\/v2\/posts"}],"about":[{"href":"https:\/\/ladepeche.mr\/index.php?rest_route=\/wp\/v2\/types\/post"}],"author":[{"embeddable":true,"href":"https:\/\/ladepeche.mr\/index.php?rest_route=\/wp\/v2\/users\/2"}],"replies":[{"embeddable":true,"href":"https:\/\/ladepeche.mr\/index.php?rest_route=%2Fwp%2Fv2%2Fcomments&post=7902"}],"version-history":[{"count":1,"href":"https:\/\/ladepeche.mr\/index.php?rest_route=\/wp\/v2\/posts\/7902\/revisions"}],"predecessor-version":[{"id":7903,"href":"https:\/\/ladepeche.mr\/index.php?rest_route=\/wp\/v2\/posts\/7902\/revisions\/7903"}],"wp:attachment":[{"href":"https:\/\/ladepeche.mr\/index.php?rest_route=%2Fwp%2Fv2%2Fmedia&parent=7902"}],"wp:term":[{"taxonomy":"category","embeddable":true,"href":"https:\/\/ladepeche.mr\/index.php?rest_route=%2Fwp%2Fv2%2Fcategories&post=7902"},{"taxonomy":"post_tag","embeddable":true,"href":"https:\/\/ladepeche.mr\/index.php?rest_route=%2Fwp%2Fv2%2Ftags&post=7902"}],"curies":[{"name":"wp","href":"https:\/\/api.w.org\/{rel}","templated":true}]}}