{"id":7906,"date":"2023-12-01T03:56:21","date_gmt":"2023-12-01T03:56:21","guid":{"rendered":"https:\/\/ladepeche.mr\/?p=7906"},"modified":"2023-12-01T03:56:21","modified_gmt":"2023-12-01T03:56:21","slug":"annonce-de-la-creation-du-fnc-a-qui-profite-le-crime","status":"publish","type":"post","link":"https:\/\/ladepeche.mr\/?p=7906","title":{"rendered":"Annonce de la cr\u00e9ation du FNC: \u00c0 qui profite le crime?"},"content":{"rendered":"<p>Un ancien officier de la marine mauritanienne, condamn\u00e9 dans une affaire de trafic de drogue, en 2017, Ahmed Hassena, a rendu publique jeudi une vid\u00e9o dans laquelle il clame la mise en place d\u2019un mouvement militaire visant \u00e0 d\u00e9stabiliser le gouvernement du pr\u00e9sident Mohamed Ould Ghazouani. Ould Hassena aurait \u00e9t\u00e9 mis en libert\u00e9 r\u00e9cemment pour des raisons li\u00e9es \u00e0 la d\u00e9t\u00e9rioration de son \u00e9tat de sant\u00e9.<br \/>\nLe mouvement est baptis\u00e9 Front National du Changement (FNC).<br \/>\nOutre la vid\u00e9o o\u00f9 il appara\u00eet portant l\u2019uniforme de la marine nationale, l\u2019ancien officier se serait fendu d\u2019un communiqu\u00e9 qui aurait \u00e9t\u00e9, selon nos confr\u00e8res de Al Akhbar, sign\u00e9 du colonel m\u00e9decin \u00e0 la retraite Sidi Ely Ahmedou.<br \/>\nLes deux hommes se trouveraient actuellement  dans un pays europ\u00e9en d\u2019o\u00f9 la vid\u00e9o aurait \u00e9t\u00e9 enregistr\u00e9e. Une telle \u00e9ventualit\u00e9 s\u2019expliquerait, peut-\u00eatre, aussi par la rencontre entre le ministre de La D\u00e9fense, SIDI Ould Hanena, avec l\u2019ambassadeur d\u00e9l\u00e9gu\u00e9 de l\u2019UE, \u00e0 Nouakchott en vue d\u2019une \u00e9ventuelle extradition des deux individus.<br \/>\nDans cette premi\u00e8re vid\u00e9o, que peu de gens prennent au s\u00e9rieux, l\u2019ancien officier qui critique la gestion du pr\u00e9sident Ghazouani loue le bilan de l\u2019ancien pr\u00e9sident, MOHAMED Ould Abdelaziz, poursuivi pour une s\u00e9rie d\u2019accusations de d\u00e9tournement et abus de deniers publics et dont le proc\u00e8s devrait conna\u00eetre son \u00e9pilogue dans les tous prochains jours.<br \/>\nA noter enfin que l\u2019annonce de la mise en place de ce mouvement intervient aussi \u00e0 la veille de l\u2019organisation en 2024 d\u2019une nouvelle \u00e9lection pr\u00e9sidentielle dans le pays.<\/p>\n","protected":false},"excerpt":{"rendered":"<p>Un ancien officier de la marine mauritanienne, condamn\u00e9 dans une affaire de trafic de drogue, en 2017, Ahmed Hassena, a rendu publique jeudi une vid\u00e9o dans laquelle il clame la mise en place d\u2019un mouvement militaire visant \u00e0 d\u00e9stabiliser le gouvernement du pr\u00e9sident Mohamed Ould Ghazouani. Ould Hassena aurait \u00e9t\u00e9 mis en libert\u00e9 r\u00e9cemment pour &hellip;<\/p>\n","protected":false},"author":2,"featured_media":0,"comment_status":"open","ping_status":"open","sticky":false,"template":"","format":"standard","meta":{"footnotes":""},"categories":[18],"tags":[],"class_list":["post-7906","post","type-post","status-publish","format-standard","hentry","category-actualites"],"_links":{"self":[{"href":"https:\/\/ladepeche.mr\/index.php?rest_route=\/wp\/v2\/posts\/7906","targetHints":{"allow":["GET"]}}],"collection":[{"href":"https:\/\/ladepeche.mr\/index.php?rest_route=\/wp\/v2\/posts"}],"about":[{"href":"https:\/\/ladepeche.mr\/index.php?rest_route=\/wp\/v2\/types\/post"}],"author":[{"embeddable":true,"href":"https:\/\/ladepeche.mr\/index.php?rest_route=\/wp\/v2\/users\/2"}],"replies":[{"embeddable":true,"href":"https:\/\/ladepeche.mr\/index.php?rest_route=%2Fwp%2Fv2%2Fcomments&post=7906"}],"version-history":[{"count":2,"href":"https:\/\/ladepeche.mr\/index.php?rest_route=\/wp\/v2\/posts\/7906\/revisions"}],"predecessor-version":[{"id":7913,"href":"https:\/\/ladepeche.mr\/index.php?rest_route=\/wp\/v2\/posts\/7906\/revisions\/7913"}],"wp:attachment":[{"href":"https:\/\/ladepeche.mr\/index.php?rest_route=%2Fwp%2Fv2%2Fmedia&parent=7906"}],"wp:term":[{"taxonomy":"category","embeddable":true,"href":"https:\/\/ladepeche.mr\/index.php?rest_route=%2Fwp%2Fv2%2Fcategories&post=7906"},{"taxonomy":"post_tag","embeddable":true,"href":"https:\/\/ladepeche.mr\/index.php?rest_route=%2Fwp%2Fv2%2Ftags&post=7906"}],"curies":[{"name":"wp","href":"https:\/\/api.w.org\/{rel}","templated":true}]}}