{"id":7918,"date":"2023-12-02T00:25:42","date_gmt":"2023-12-02T00:25:42","guid":{"rendered":"https:\/\/ladepeche.mr\/?p=7918"},"modified":"2023-12-02T05:49:47","modified_gmt":"2023-12-02T05:49:47","slug":"maroc-assemblee-generale-dinterpol-marrakech-abritera-la-93e-session","status":"publish","type":"post","link":"https:\/\/ladepeche.mr\/?p=7918","title":{"rendered":"Maroc- Assembl\u00e9e G\u00e9n\u00e9rale d&#8217;Interpol- Marrakech abritera la 93\u00e8 session"},"content":{"rendered":"<p>Vienne &#8211; Le Maroc a \u00e9t\u00e9 \u00e9lu, ce vendredi \u00e0 Vienne, pour abriter  la 93\u00e8 session de l&#8217;Assembl\u00e9e G\u00e9n\u00e9rale de l&#8217;Organisation Internationale de police criminelle Interpol, qui se tiendra \u00e0 Marrakech en 2025.<br \/>\n\u00a0<br \/>\nLes participants \u00e0 la 91\u00e8me session de l&#8217;Assembl\u00e9e G\u00e9n\u00e9rale de l&#8217;Organisation qui se tient dans la capitale autrichienne, repr\u00e9sentant 196 pays membres, ont renouvel\u00e9 leur confiance envers le Maroc et en ses institutions s\u00e9curitaires, en lui confiant l&#8217;organisation de la 93\u00e8 session de l&#8217;AG d\u2019Interpol.<br \/>\n\u00a0<br \/>\nL&#8217;Assembl\u00e9e G\u00e9n\u00e9rale, la plus haute instance d\u00e9cisionnelle d\u2019Interpol, se tient r\u00e9guli\u00e8rement en pr\u00e9sence des chefs des services et des instances charg\u00e9s d&#8217;appliquer la loi au sein des pays membres, pour \u00e9valuer les d\u00e9fis s\u00e9curitaires \u00e0 l&#8217;\u00e9chelle mondiale ainsi que les nouvelles tendances criminelles et examiner les moyens d&#8217;y faire face.<br \/>\n\u00a0<br \/>\nS\u2019exprimant suite au vote en faveur de la candidature marocaine, le Directeur G\u00e9n\u00e9ral de la S\u00fbret\u00e9 Nationale et de la Surveillance du Territoire, M. Abdellatif Hammouchi, a fait part des remerciements du Royaume du Maroc \u00e0 tous ceux qui se sont prononc\u00e9s en faveur de l\u2019organisation \u00e0 Marrakech de cet \u00e9v\u00e9nement plan\u00e9taire.<br \/>\n\u00a0<br \/>\nM. Abdellatif Hammouchi a aussi mis l\u2019accent sur l&#8217;engagement du Royaume du Maroc \u00e0 consolider les efforts internationaux en mati\u00e8re de lutte contre le terrorisme et les diverses formes de crime transfrontalier.<br \/>\n\u00a0<br \/>\nLe Directeur G\u00e9n\u00e9ral marocain a de m\u00eame soulign\u00e9 que le Maroc et ses services de S\u00fbret\u00e9 nationale sont tout \u00e0 fait pr\u00eats \u00e0 accueillir ce forum s\u00e9curitaire de renomm\u00e9e dans les meilleures conditions, soutenant que le Royaume apporte un appui constant \u00e0 Interpol et aux pays membres dans leurs efforts en faveur de la s\u00e9curit\u00e9 et la stabilit\u00e9 mondiales.<br \/>\n\u00a0<br \/>\nLors de la pr\u00e9sentation de la candidature marocaine, il a \u00e9t\u00e9 proc\u00e9d\u00e9 \u00e0 la projection d&#8217;une vid\u00e9o qui retrace les progr\u00e8s en cours dans le Royaume, sous la sage conduite du monarque marocain, SM le Roi Mohammed VI.<br \/>\n\u00a0<br \/>\nCette vid\u00e9o met en relief les diverses facettes de modernisation et de d\u00e9veloppement que connaissent les services de s\u00fbret\u00e9 marocains, leur permettant d&#8217;occuper une place pionni\u00e8re dans le domaine de la coop\u00e9ration s\u00e9curitaire internationale.<br \/>\n\u00a0<br \/>\nLe choix du Maroc pour accueillir cet \u00e9v\u00e8nement d&#8217;envergure mondiale traduit aussi l\u2019aura et l\u2019image dont jouit le Royaume dans son environnement r\u00e9gional et international, \u00e0 la faveur du leadership \u00e9clair\u00e9 de SM le Roi Mohammed VI, que Dieu l&#8217;Assiste, ainsi que la cr\u00e9dibilit\u00e9 et la grande confiance dans les institutions s\u00e9curitaires marocaines, connues pour avoir accumul\u00e9 des exp\u00e9riences et des expertises importantes en mati\u00e8re de lutte antiterroriste et contre le crime organis\u00e9.<\/p>\n","protected":false},"excerpt":{"rendered":"<p>Vienne &#8211; Le Maroc a \u00e9t\u00e9 \u00e9lu, ce vendredi \u00e0 Vienne, pour abriter la 93\u00e8 session de l&#8217;Assembl\u00e9e G\u00e9n\u00e9rale de l&#8217;Organisation Internationale de police criminelle Interpol, qui se tiendra \u00e0 Marrakech en 2025. \u00a0 Les participants \u00e0 la 91\u00e8me session de l&#8217;Assembl\u00e9e G\u00e9n\u00e9rale de l&#8217;Organisation qui se tient dans la capitale autrichienne, repr\u00e9sentant 196 pays &hellip;<\/p>\n","protected":false},"author":2,"featured_media":7936,"comment_status":"open","ping_status":"open","sticky":false,"template":"","format":"standard","meta":{"footnotes":""},"categories":[18,29],"tags":[],"class_list":["post-7918","post","type-post","status-publish","format-standard","has-post-thumbnail","hentry","category-actualites","category-monde"],"_links":{"self":[{"href":"https:\/\/ladepeche.mr\/index.php?rest_route=\/wp\/v2\/posts\/7918","targetHints":{"allow":["GET"]}}],"collection":[{"href":"https:\/\/ladepeche.mr\/index.php?rest_route=\/wp\/v2\/posts"}],"about":[{"href":"https:\/\/ladepeche.mr\/index.php?rest_route=\/wp\/v2\/types\/post"}],"author":[{"embeddable":true,"href":"https:\/\/ladepeche.mr\/index.php?rest_route=\/wp\/v2\/users\/2"}],"replies":[{"embeddable":true,"href":"https:\/\/ladepeche.mr\/index.php?rest_route=%2Fwp%2Fv2%2Fcomments&post=7918"}],"version-history":[{"count":1,"href":"https:\/\/ladepeche.mr\/index.php?rest_route=\/wp\/v2\/posts\/7918\/revisions"}],"predecessor-version":[{"id":7919,"href":"https:\/\/ladepeche.mr\/index.php?rest_route=\/wp\/v2\/posts\/7918\/revisions\/7919"}],"wp:featuredmedia":[{"embeddable":true,"href":"https:\/\/ladepeche.mr\/index.php?rest_route=\/wp\/v2\/media\/7936"}],"wp:attachment":[{"href":"https:\/\/ladepeche.mr\/index.php?rest_route=%2Fwp%2Fv2%2Fmedia&parent=7918"}],"wp:term":[{"taxonomy":"category","embeddable":true,"href":"https:\/\/ladepeche.mr\/index.php?rest_route=%2Fwp%2Fv2%2Fcategories&post=7918"},{"taxonomy":"post_tag","embeddable":true,"href":"https:\/\/ladepeche.mr\/index.php?rest_route=%2Fwp%2Fv2%2Ftags&post=7918"}],"curies":[{"name":"wp","href":"https:\/\/api.w.org\/{rel}","templated":true}]}}