{"id":7938,"date":"2023-12-02T09:42:09","date_gmt":"2023-12-02T09:42:09","guid":{"rendered":"https:\/\/ladepeche.mr\/?p=7938"},"modified":"2023-12-02T11:07:07","modified_gmt":"2023-12-02T11:07:07","slug":"changements-climatiques-conference-de-dubai-to-be-or-not-to-be","status":"publish","type":"post","link":"https:\/\/ladepeche.mr\/?p=7938","title":{"rendered":"Changements climatiques : Conf\u00e9rence de Dubai, to be or not to be!"},"content":{"rendered":"<p>Les \u00e9nergies propres sont la v\u00e9ritable cl\u00e9 pour conjurer l\u2019aggravation des catastrophes climatiques et pour esp\u00e9rer revenir \u00e0 une temp\u00e9rature \u00e0 1,5 C. Malgr\u00e9 leurs divergences factuelles, les dirigeants du monde entier tentent de parler le m\u00eame langage pour une prise en charge responsable des d\u00e9fis partag\u00e9s en favorisant des \u00e9nergies alternatives \u00e0 celles fossiles d\u00e9stabilisatrices.<\/p>\n<p>Le pr\u00e9sident de la R\u00e9publique, Mohamed Ould Ghazouani qui fait partie des 136 Chefs d\u2019Etat et de Gouvernements pr\u00e9sents \u00e0 cette conf\u00e9rence de Dubai, organis\u00e9e du 30 novembre au 12 d\u00e9cembre 2023, partage les inqui\u00e9tudes de ses pairs ; africains notamment. En effet, le sentiment dominant en cette journ\u00e9e marathon dans les discours officiels est que le temps n\u2019est plus au constat, d\u00e9sormais partag\u00e9, mais \u00e0 une action solidaire et salvatrice pour la plan\u00e8te soumise aux effets pervers des changements climatiques. Les n\u00e9gociations sur le climat ont \u00e9t\u00e9 confi\u00e9es \u00e0 Dr Sultan El-Jaber, ministre de l&#8217;Industrie et des Technologies avanc\u00e9es des \u00c9mirats arabes unis, install\u00e9 nouveau pr\u00e9sident d\u00e8s l\u2019ouverture de la COP28.<\/p>\n<p><strong>Embarqu\u00e9s sur la m\u00eame gal\u00e8re!<\/strong><br \/>\nAujourd\u2019hui, plus que jamais, l\u2019humanit\u00e9 devrait veiller \u00e0 sa propre survie. Une r\u00e9alit\u00e9 de plus en plus \u00e9vidente pour justifier de placer haut l\u2019ambition de la communaut\u00e9 internationale \u00e0 prendre en compte des d\u00e9fis devenus chaque jour plus mena\u00e7ants. Pour un \u00e9ventuel sauvetage de la plan\u00e8te, il va falloir des mesures fortes (ONU) :<\/p>\n<blockquote><p> r\u00e9duire de 45% des \u00e9missions de gaz \u00e0 effet de serre d&#8217;ici 2030 par rapport aux niveaux de 2010, atteindre z\u00e9ro \u00e9mission nette \u00e0 l&#8217;\u00e9chelle mondiale d&#8217;ici 2050 ; assurer une \u00abtransition juste et \u00e9quitable \u00bb des combustibles fossiles (p\u00e9trole et gaz) vers les sources d&#8217;\u00e9nergie renouvelables ; et enfin trouver des investissements accrus dans l&#8217;adaptation et la r\u00e9silience au d\u00e9r\u00e8glement climatique.<\/p><\/blockquote>\n<p>De Paris en 2015, \u00e0 Dubai 2023, en passant par Glasgow et Charam El Cheikh, la communaut\u00e9 internationale confront\u00e9e \u00e0 des d\u00e9fis existentiels tente toujours de mettre en \u0153uvre des r\u00e9ponses ad\u00e9quates. Dubai qui abrite cette derni\u00e8re conf\u00e9rence de la Convention-cadre des Nations-Unies sur le changement climatique tient donc toutes ses promesses de conf\u00e9rence charni\u00e8re pour le devenir de l\u2019humanit\u00e9. Malheureusement, on ne peut encore contourner le constat que les pays industriels, grands \u00e9metteurs de gaz \u00e0 effet de serre, n\u2019ont toujours pas tenu, suivant le rapport synth\u00e8se, leurs promesses ni dans la r\u00e9duction de leurs \u00e9missions de gaz encore moins dans la mobilisation des ressources en faveur des pays pauvres soumis aux frasques d\u2019une m\u00e9t\u00e9o d\u00e9traqu\u00e9e par leur fait en utilisant \u00e0 outrance les \u00e9nergies fossiles. <\/p>\n<p><strong>Les PMA tirent toujours les marrons du feu<\/strong><br \/>\nSur ce dernier aspect, une r\u00e9solution a \u00e9t\u00e9 de cr\u00e9er un \u00ab Fonds pertes et dommages \u00bb obtenue \u00e0 Charam El Cheikh (Egypte) et cens\u00e9 aider les pays les plus vuln\u00e9rables \u00e0 ces changements climatiques parce que dot\u00e9 de 100 milliards Usd.  Face \u00e0 ces d\u00e9missions, le pr\u00e9sident mauritanien Ghazouani a, dans son discours, invit\u00e9 \u00e0 la solidarit\u00e9 mondiale estimant que <\/p><\/blockquote>\n<p>\u00ab la bataille du changement climatique ne peut pas \u00eatre gagn\u00e9e sans la conjugaison des efforts et la solidarit\u00e9 internationale \u00bb.<br \/>\nIl a d\u00e9plor\u00e9 le niveau de cette solidarit\u00e9 \u00ab en termes d\u2019ampleur et d\u2019efficacit\u00e9, car elle est toujours entrav\u00e9e par le fait que les d\u00e9cisions, les d\u00e9clarations et d\u2019engagements financiers peinent \u00e0 se concr\u00e9tiser sur le terrain dans des faits palpables, entravant ainsi la mise en \u0153uvre effective des contributions climatiques nationales, notamment dans les pays en d\u00e9veloppement \u00bb.<\/p>\n<p>Touch\u00e9e de plein fouet par les changements climatiques, la Mauritanie fait aujourd\u2019hui face \u00e0 leurs cons\u00e9quences inouies, en terme de \u00ab d\u00e9sertification, de s\u00e9cheresse, de perturbation des pr\u00e9cipitations pluviom\u00e9triques \u00bb impactant n\u00e9gativement les secteurs vitaux comme les ressources en eau, la production agricole, le d\u00e9veloppement de l\u2019\u00e9levage, les richesses marines et les \u00e9cosyst\u00e8mes naturels et m\u00eame la s\u00e9curit\u00e9, s\u2019est plaint le Chef de l\u2019Etat mauritanien dans son adresse. Le pr\u00e9sident mettra, par ailleurs, l\u2019accent sur les efforts d\u2019adaptation consentis par son gouvernement \u00ab \u00e0 travers l\u2019initiative de la Grande Muraille verte, en contribuant activement \u00e0 la Commission du climat du Sahel et au Comit\u00e9 mixte de lutte contre les effets de la s\u00e9cheresse au Sahel, en adoptant la Charte de l\u2019Initiative verte du Moyen-Orient, lanc\u00e9e par le Royaume d\u2019Arabie saoudite, et en investissant dans la gestion durable des zones maritimes et c\u00f4ti\u00e8res d\u2019int\u00e9r\u00eat environnemental mondial \u00bb. Au plan de l\u2019att\u00e9nuation, la Mauritanie se focalise sur un ambitieux programme de production d\u2019hydrog\u00e8ne vert et des accords sont d\u00e9j\u00e0 ficel\u00e9s. Le potentiel en hydrog\u00e8ne vert du pays s\u2019\u00e9valuerait \u00e0 400 \u00e0 500 MW. Les premi\u00e8res productions seraient attendues pour 2028. Le pr\u00e9sident r\u00e9v\u00e8lera, \u00e0 ce sujet, dans son discours que la Mauritanie pourrait \u00ab atteindre l\u2019objectif que nous nous sommes fix\u00e9s dans notre contribution nationale r\u00e9vis\u00e9e pour le climat, \u00e0 savoir r\u00e9duire les \u00e9missions de carbone de 11 % \u00bb.<\/p>\n<p><strong>Finir avec les promesses sans lendemains<\/strong><br \/>\nDans la r\u00e9alit\u00e9, ce sont, dans le monde, les fonds qui manquent le plus pour la promotion des \u00e9nergies renouvelables et pour r\u00e9ussir la transition \u00e9nerg\u00e9tique. Le Chef de l\u2019Etat, Mohamed Ould Ghazouani ne s\u2019y trompe pas. <\/p>\n<blockquote><p>\u00abCependant, dans tous ces efforts, nous avons encore besoin, comme la plupart des pays en d\u00e9veloppement, d\u2019un soutien international accru pour renforcer la r\u00e9silience et l\u2019adaptation, et pour assurer une transition \u00e9nerg\u00e9tique \u00e9quitable, efficace et efficiente \u00bb<\/p><\/blockquote>\n<p>. <\/p>\n<p>Le pr\u00e9sident mauritanien esp\u00e8re toujours qu\u2019\u00e0 mi-parcours de l\u2019Agenda 2030, la COP28 aux Emirats Arabes Unis soit le d\u00e9but d\u2019une dynamique nouvelle acc\u00e9l\u00e9r\u00e9e efficace pour circonscrire et r\u00e9duire les ph\u00e9nom\u00e8nes climatiques li\u00e9s \u00e0 l\u2019action de l\u2019Homme.<\/p>\n<p>En fait, le monde ne devrait pas se voiler la face car \u00e0 Dubai, il va falloir prendre des mesures concr\u00e8tes \u00e0 la hauteur de l\u2019ambition d\u2019inverser la tendance au r\u00e9chauffement climatique et surtout d\u00e9rouler comment elles seront ex\u00e9cut\u00e9es car les d\u00e9clarations de bonnes intentions n\u2019ont plus droit de cit\u00e9. C\u2019est en apparence l\u2019un des enjeux cruciaux \u00e0 Dubai et qui sera r\u00e9v\u00e9lateur du s\u00e9rieux des dirigeants du monde face \u00e0 ces d\u00e9fis. Mais chacun est appel\u00e9 \u00e0 jouer la transparence car Dubai devrait aussi permettre d\u2019\u00e9valuer les progr\u00e8s r\u00e9alis\u00e9s sur les registres de l\u2019adaptation et de la promesse de mobiliser 100 milliards Usd annuellement pour contrer les changements climatiques et pour favoriser la transition \u00e9nerg\u00e9tique en promouvant les \u00e9nergies propres. La rencontre de Dubai sera donc d\u00e9terminante dans la c\u00e9l\u00e9rit\u00e9 des r\u00e9actions via des plans d\u2019action climatique mieux pens\u00e9s et plus rapides dans la r\u00e9action \u00e0 des changements climatiques qui, eux, n\u2019attendent pas.<br \/>\nCorrespondance<br \/>\nJedna DEIDA<br \/>\nDubai, EAU<\/p>\n","protected":false},"excerpt":{"rendered":"<p>Les \u00e9nergies propres sont la v\u00e9ritable cl\u00e9 pour conjurer l\u2019aggravation des catastrophes climatiques et pour esp\u00e9rer revenir \u00e0 une temp\u00e9rature \u00e0 1,5 C. Malgr\u00e9 leurs divergences factuelles, les dirigeants du monde entier tentent de parler le m\u00eame langage pour une prise en charge responsable des d\u00e9fis partag\u00e9s en favorisant des \u00e9nergies alternatives \u00e0 celles fossiles &hellip;<\/p>\n","protected":false},"author":2,"featured_media":7937,"comment_status":"open","ping_status":"open","sticky":false,"template":"","format":"standard","meta":{"footnotes":""},"categories":[18],"tags":[],"class_list":["post-7938","post","type-post","status-publish","format-standard","has-post-thumbnail","hentry","category-actualites"],"_links":{"self":[{"href":"https:\/\/ladepeche.mr\/index.php?rest_route=\/wp\/v2\/posts\/7938","targetHints":{"allow":["GET"]}}],"collection":[{"href":"https:\/\/ladepeche.mr\/index.php?rest_route=\/wp\/v2\/posts"}],"about":[{"href":"https:\/\/ladepeche.mr\/index.php?rest_route=\/wp\/v2\/types\/post"}],"author":[{"embeddable":true,"href":"https:\/\/ladepeche.mr\/index.php?rest_route=\/wp\/v2\/users\/2"}],"replies":[{"embeddable":true,"href":"https:\/\/ladepeche.mr\/index.php?rest_route=%2Fwp%2Fv2%2Fcomments&post=7938"}],"version-history":[{"count":15,"href":"https:\/\/ladepeche.mr\/index.php?rest_route=\/wp\/v2\/posts\/7938\/revisions"}],"predecessor-version":[{"id":7953,"href":"https:\/\/ladepeche.mr\/index.php?rest_route=\/wp\/v2\/posts\/7938\/revisions\/7953"}],"wp:featuredmedia":[{"embeddable":true,"href":"https:\/\/ladepeche.mr\/index.php?rest_route=\/wp\/v2\/media\/7937"}],"wp:attachment":[{"href":"https:\/\/ladepeche.mr\/index.php?rest_route=%2Fwp%2Fv2%2Fmedia&parent=7938"}],"wp:term":[{"taxonomy":"category","embeddable":true,"href":"https:\/\/ladepeche.mr\/index.php?rest_route=%2Fwp%2Fv2%2Fcategories&post=7938"},{"taxonomy":"post_tag","embeddable":true,"href":"https:\/\/ladepeche.mr\/index.php?rest_route=%2Fwp%2Fv2%2Ftags&post=7938"}],"curies":[{"name":"wp","href":"https:\/\/api.w.org\/{rel}","templated":true}]}}