{"id":7974,"date":"2023-12-06T13:32:14","date_gmt":"2023-12-06T13:32:14","guid":{"rendered":"https:\/\/ladepeche.mr\/?p=7974"},"modified":"2023-12-06T13:38:53","modified_gmt":"2023-12-06T13:38:53","slug":"cop28-intenses-activites-pour-le-president-ghazouani-aux-emirats","status":"publish","type":"post","link":"https:\/\/ladepeche.mr\/?p=7974","title":{"rendered":"COP28 : Intenses activit\u00e9s pour le pr\u00e9sident Ghazouani aux Emirats"},"content":{"rendered":"<p>Le pr\u00e9sident de la R\u00e9publique est de retour \u00e0 Nouakchott apr\u00e8s une participation marqu\u00e9e d\u2019intenses activit\u00e9s \u00e0 la Cop28 de Duba\u00ef sur les d\u00e9fis du changement climatique. Retour sur un p\u00e9riple o\u00f9 le pr\u00e9sident a donn\u00e9 le ton des attentes de son pays, scell\u00e9 le sort du G5S avec son homologue tchadien et inaugur\u00e9 Le si\u00e8ge flambant neuf de l\u2019ambassade de notre pays \u00e0 Abou Dhabi.<br \/>\nC\u2019est mardi au petit matin que le pr\u00e9sident de la R\u00e9publique conduisant la d\u00e9l\u00e9gation officielle du gouvernement mauritanien \u00e0 la Cop28, a regagn\u00e9 la capitale apr\u00e8s un s\u00e9jour de plusieurs jours aux Emirats Arabes Unis (EAU). Un s\u00e9jour qui a encore \u00e9t\u00e9 synonyme de partage et de solidarit\u00e9 avec les EAU, lors de sa participation, aux c\u00f4t\u00e9s de Son Altesse Cheikh Mohammed ben Zayed Al Nahyan, \u00e0 Abou Dhabi, \u00e0 la comm\u00e9moration de la 52\u00e8me journ\u00e9e de la R\u00e9unification du pays.<br \/>\nEn marge de la conf\u00e9rence internationale Cop28 dont les \u00e9mirats pr\u00e9sident d\u00e9sormais \u00e0 la destin\u00e9e, le pr\u00e9sident de la R\u00e9publique, Mohamed Ould Cheikh El Ghazouani, a \u00e9galement men\u00e9 d\u2019intenses activit\u00e9s et contacts avec les dirigeants du monde. Des rencontres ax\u00e9es sur les d\u00e9fis communs li\u00e9s aux changements climatiques mais aussi sur la situation politique internationale.<\/p>\n<p><strong>Le sort du G5S scell\u00e9 \u00e0 Dubai<\/strong><\/p>\n<p>Parmi les rencontres tourn\u00e9es \u00e9galement sur la g\u00e9opolitique internationale, le pr\u00e9sident Ghazouani s\u2019est entretenu avec son homologue fran\u00e7ais, E. Macron, le secr\u00e9taire g\u00e9n\u00e9ral de l\u2019Onu, Guterres, l\u2019Emir du Qatar et le pr\u00e9sident Tchadien, Mahamat Idriss D\u00e9by Outre la situation au Moyen-Orient, revenue plusieurs fois dans les discours inauguraux de la Cop28, le pr\u00e9sident Ghazouani et le pr\u00e9sident Tchadien, inform\u00e9s du retrait conjoint du Burkina et du Niger du G5S, apr\u00e8s celui du Mali, ont pris acte de telles intentions. Un communiqu\u00e9 conjoint mauritano-tchadien, a d\u2019ailleurs \u00e9t\u00e9 pris le 6 d\u00e9cembre 2023, constant cette nouvelle donne.<br \/>\nLe pr\u00e9sident Ghazouani a, par ailleurs, pris part en marge du sommet de la Cop28, \u00e0 la r\u00e9union de haut niveau sur la r\u00e9silience et la d\u00e9sertification devant donner naissance \u00e0 l\u2019Alliance internationale de lutte contre la s\u00e9cheresse (IDRA) et les challenges qu\u2019elle pourrait relever pour le d\u00e9veloppement durable de la sous-r\u00e9gion.<\/p>\n<p><strong>Inauguration et MoU<\/strong><\/p>\n<p>Le pr\u00e9sident de la R\u00e9publique a encore supervis\u00e9 deux m\u00e9morandums d\u2019entente dans le domaine de l\u2019investissement entre le minist\u00e8re du P\u00e9trole, des Mines et de l\u2019\u00c9nergie et l\u2019AMEA POWER, d\u2019une part, avec l\u2019IFAS, d\u2019autre part. Ces deux m\u00e9morandums seront suivis mardi par la signature d\u2019un autre accord similaire, supervis\u00e9 cette fois par le ministre des mines et de l\u2019Industrie, Nanni Ould Chrougha. Ce dernier accord met en jeu son d\u00e9partement et la Snim d\u2019un c\u00f4t\u00e9, et de l\u2019autre et les soci\u00e9t\u00e9s Chariot et Total d\u2019autre part, pour la faisabilit\u00e9 d\u2019un projet pilote d\u2019hydrog\u00e8ne vert pour soutenir le transport du minerai de fer via cette \u00e9nergie propre.<\/p>\n<p>Le m\u00e9morandum porte sur le d\u00e9veloppement d\u2019un projet pilote d\u2019hydrog\u00e8ne vert pour soutenir le transport du minerais de fer par le train min\u00e9ralier de la SNIM utilisant l\u2019\u00e9nergie propre produite \u00e0 partir de l\u2019hydrog\u00e8ne vert.<\/p>\n<p>Enfin, et \u00e0 une encablure de son retour sur Nouakchott, le pr\u00e9sident de la R\u00e9publique a inaugur\u00e9 le si\u00e8ge flambant neuf de l\u2019ambassade de Mauritanie \u00e0 Abou Dhabi, construit sur une superficie de 2450 m\u00e8tres carr\u00e9s pour une enveloppe de 98 millions de MRU.<\/p>\n<p>JD<\/p>\n","protected":false},"excerpt":{"rendered":"<p>Le pr\u00e9sident de la R\u00e9publique est de retour \u00e0 Nouakchott apr\u00e8s une participation marqu\u00e9e d\u2019intenses activit\u00e9s \u00e0 la Cop28 de Duba\u00ef sur les d\u00e9fis du changement climatique. Retour sur un p\u00e9riple o\u00f9 le pr\u00e9sident a donn\u00e9 le ton des attentes de son pays, scell\u00e9 le sort du G5S avec son homologue tchadien et inaugur\u00e9 Le &hellip;<\/p>\n","protected":false},"author":2,"featured_media":7981,"comment_status":"open","ping_status":"open","sticky":false,"template":"","format":"standard","meta":{"footnotes":""},"categories":[18],"tags":[],"class_list":["post-7974","post","type-post","status-publish","format-standard","has-post-thumbnail","hentry","category-actualites"],"_links":{"self":[{"href":"https:\/\/ladepeche.mr\/index.php?rest_route=\/wp\/v2\/posts\/7974","targetHints":{"allow":["GET"]}}],"collection":[{"href":"https:\/\/ladepeche.mr\/index.php?rest_route=\/wp\/v2\/posts"}],"about":[{"href":"https:\/\/ladepeche.mr\/index.php?rest_route=\/wp\/v2\/types\/post"}],"author":[{"embeddable":true,"href":"https:\/\/ladepeche.mr\/index.php?rest_route=\/wp\/v2\/users\/2"}],"replies":[{"embeddable":true,"href":"https:\/\/ladepeche.mr\/index.php?rest_route=%2Fwp%2Fv2%2Fcomments&post=7974"}],"version-history":[{"count":4,"href":"https:\/\/ladepeche.mr\/index.php?rest_route=\/wp\/v2\/posts\/7974\/revisions"}],"predecessor-version":[{"id":7979,"href":"https:\/\/ladepeche.mr\/index.php?rest_route=\/wp\/v2\/posts\/7974\/revisions\/7979"}],"wp:featuredmedia":[{"embeddable":true,"href":"https:\/\/ladepeche.mr\/index.php?rest_route=\/wp\/v2\/media\/7981"}],"wp:attachment":[{"href":"https:\/\/ladepeche.mr\/index.php?rest_route=%2Fwp%2Fv2%2Fmedia&parent=7974"}],"wp:term":[{"taxonomy":"category","embeddable":true,"href":"https:\/\/ladepeche.mr\/index.php?rest_route=%2Fwp%2Fv2%2Fcategories&post=7974"},{"taxonomy":"post_tag","embeddable":true,"href":"https:\/\/ladepeche.mr\/index.php?rest_route=%2Fwp%2Fv2%2Ftags&post=7974"}],"curies":[{"name":"wp","href":"https:\/\/api.w.org\/{rel}","templated":true}]}}