{"id":7989,"date":"2023-12-07T18:08:24","date_gmt":"2023-12-07T18:08:24","guid":{"rendered":"https:\/\/ladepeche.mr\/?p=7989"},"modified":"2023-12-07T18:09:53","modified_gmt":"2023-12-07T18:09:53","slug":"outrage-au-president-un-blogueur-ecope-dune-peine-de-prison-dun-an","status":"publish","type":"post","link":"https:\/\/ladepeche.mr\/?p=7989","title":{"rendered":"Outrage au pr\u00e9sident : Un blogueur \u00e9cope d\u2019une peine d\u2019un an de prison"},"content":{"rendered":"<p>La chambre criminelle du tribunal de Nouakchott Ouest a condamn\u00e9 jeudi le blogueur Mohamed Vall Abdallahi \u00e0 un an de prison, dont 11 mois avec sursis, pour \u00ab outrage et injure \u00e0 la personne du pr\u00e9sident de la R\u00e9publique \u00bb.<br \/>\nMohamed Vall Ould Abdallah a \u00e9galement \u00e9t\u00e9 condamn\u00e9 \u00e0 verser \u00e0 une amende d&#8217;un million d&#8217;ouguiya au tr\u00e9sor public.<br \/>\nUne loi portant protection des symboles nationaux et incrimination des atteintes \u00e0 l\u2019autorit\u00e9 de l\u2019\u00c9tat et \u00e0 l\u2019honneur du citoyen adopt\u00e9e en novembre 2021, avec pour objectif la lutte  contre tout ce qui est de nature \u00e0 porter atteinte \u00e0 l\u2019unit\u00e9 nationale, au respect de la souverainet\u00e9 nationale et \u00e0 l\u2019autorit\u00e9 de l\u2019\u00c9tat notamment sur les plates-formes et r\u00e9seaux sociaux, est depuis en vigueur dans le pays.<br \/>\nMohamed Vall Ould Abdallah avait \u00e9t\u00e9 arr\u00eat\u00e9 par la police, rappelle-t-on, dans la soir\u00e9e du samedi 18 novembre, suite \u00e0 une publication sur son compte Facebook consid\u00e9r\u00e9e comme subversive et dans laquelle il appelait \u00e0 la destitution du pr\u00e9sident Mohamed Ould Ghazouani.<\/p>\n","protected":false},"excerpt":{"rendered":"<p>La chambre criminelle du tribunal de Nouakchott Ouest a condamn\u00e9 jeudi le blogueur Mohamed Vall Abdallahi \u00e0 un an de prison, dont 11 mois avec sursis, pour \u00ab outrage et injure \u00e0 la personne du pr\u00e9sident de la R\u00e9publique \u00bb. Mohamed Vall Ould Abdallah a \u00e9galement \u00e9t\u00e9 condamn\u00e9 \u00e0 verser \u00e0 une amende d&#8217;un million &hellip;<\/p>\n","protected":false},"author":2,"featured_media":7990,"comment_status":"open","ping_status":"open","sticky":false,"template":"","format":"standard","meta":{"footnotes":""},"categories":[18],"tags":[],"class_list":["post-7989","post","type-post","status-publish","format-standard","has-post-thumbnail","hentry","category-actualites"],"_links":{"self":[{"href":"https:\/\/ladepeche.mr\/index.php?rest_route=\/wp\/v2\/posts\/7989","targetHints":{"allow":["GET"]}}],"collection":[{"href":"https:\/\/ladepeche.mr\/index.php?rest_route=\/wp\/v2\/posts"}],"about":[{"href":"https:\/\/ladepeche.mr\/index.php?rest_route=\/wp\/v2\/types\/post"}],"author":[{"embeddable":true,"href":"https:\/\/ladepeche.mr\/index.php?rest_route=\/wp\/v2\/users\/2"}],"replies":[{"embeddable":true,"href":"https:\/\/ladepeche.mr\/index.php?rest_route=%2Fwp%2Fv2%2Fcomments&post=7989"}],"version-history":[{"count":2,"href":"https:\/\/ladepeche.mr\/index.php?rest_route=\/wp\/v2\/posts\/7989\/revisions"}],"predecessor-version":[{"id":7992,"href":"https:\/\/ladepeche.mr\/index.php?rest_route=\/wp\/v2\/posts\/7989\/revisions\/7992"}],"wp:featuredmedia":[{"embeddable":true,"href":"https:\/\/ladepeche.mr\/index.php?rest_route=\/wp\/v2\/media\/7990"}],"wp:attachment":[{"href":"https:\/\/ladepeche.mr\/index.php?rest_route=%2Fwp%2Fv2%2Fmedia&parent=7989"}],"wp:term":[{"taxonomy":"category","embeddable":true,"href":"https:\/\/ladepeche.mr\/index.php?rest_route=%2Fwp%2Fv2%2Fcategories&post=7989"},{"taxonomy":"post_tag","embeddable":true,"href":"https:\/\/ladepeche.mr\/index.php?rest_route=%2Fwp%2Fv2%2Ftags&post=7989"}],"curies":[{"name":"wp","href":"https:\/\/api.w.org\/{rel}","templated":true}]}}