{"id":7993,"date":"2023-12-07T18:39:51","date_gmt":"2023-12-07T18:39:51","guid":{"rendered":"https:\/\/ladepeche.mr\/?p=7993"},"modified":"2023-12-07T18:48:37","modified_gmt":"2023-12-07T18:48:37","slug":"xii-edition-du-festival-des-cites-du-patrimoine-oualata-ouvre-ses-portes","status":"publish","type":"post","link":"https:\/\/ladepeche.mr\/?p=7993","title":{"rendered":"XII \u00e9dition du Festival des Cit\u00e9s du Patrimoine: Oualata ouvre ses portes aux festivaliers!"},"content":{"rendered":"<p>Le pr\u00e9sident de la R\u00e9publique s\u2019est envol\u00e9 jeudi en direction du Hodh Charghi et pr\u00e9cis\u00e9ment en direction la ville historique de Oualata, 1300 km, au sud-est de Nouakchott, qui abrite cette ann\u00e9e la derni\u00e8re \u00e9dition du Festival des Villes Anciennes de Mauritanie (FVAM).<br \/>\nLes villes du patrimoine mauritanien sont au nombre de quatre cit\u00e9s class\u00e9es au patrimoine mondial de l\u2019UNESCO.<br \/>\nInscrit au programme des manifestations culturelles annuelles dans le pays, l\u2019organisation du festival reste une opportunit\u00e9 pour faire valoir le potentiel culturel et touristique de villes qui remontent tr\u00e8s loin dans l\u2019histoire et la gen\u00e8se du pays.<br \/>\nComme d\u2019accoutum\u00e9e, ces manifestations sont plac\u00e9es sous le Haut Patronage du pr\u00e9sident de la R\u00e9publique et marqu\u00e9es par la pr\u00e9sence des membres du gouvernement, du corps diplomatique et de participants venus des quatre coins du monde.<br \/>\nTr\u00e8s c\u00e9l\u00e8bre pour ses portes ornementales, comme terre d\u2019\u00e9rudition, pour son histoire mais aussi par son \u00ab dignou\u00bb (son art culinaire), Oualata \u00e9tait au carrefour d\u2019un axe routier florissant du commerce caravanier, il y a quelques si\u00e8cles. Elle a gard\u00e9 de cette p\u00e9riode sa r\u00e9alit\u00e9 de capitale culturelle et artistique du Hodh Charghi.<br \/>\nEn marge de ce festival, le pr\u00e9sident de la R\u00e9publique, Mohamed Ould Ghazouani, venu \u00e0 la t\u00eate d&#8217;une importante d\u00e9l\u00e9gation de son gouvernement, devrait inaugurer de nouveaux projets de d\u00e9veloppement au profit des populations locales.<br \/>\nLe spectacle sera sans doute \u00e0 la mesure de la beaut\u00e9 des vestiges de la vieille ville, de ses couleurs mais \u00e9galement de la profusion de pr\u00e9sentations, de r\u00e9flexions sur la glorieuse \u00e9pop\u00e9e de cette ville Sainte.<br \/>\nLe spectacle culturel peut commencer<br \/>\nJD<\/p>\n","protected":false},"excerpt":{"rendered":"<p>Le pr\u00e9sident de la R\u00e9publique s\u2019est envol\u00e9 jeudi en direction du Hodh Charghi et pr\u00e9cis\u00e9ment en direction la ville historique de Oualata, 1300 km, au sud-est de Nouakchott, qui abrite cette ann\u00e9e la derni\u00e8re \u00e9dition du Festival des Villes Anciennes de Mauritanie (FVAM). Les villes du patrimoine mauritanien sont au nombre de quatre cit\u00e9s class\u00e9es &hellip;<\/p>\n","protected":false},"author":2,"featured_media":7994,"comment_status":"open","ping_status":"open","sticky":false,"template":"","format":"standard","meta":{"footnotes":""},"categories":[18,15],"tags":[],"class_list":["post-7993","post","type-post","status-publish","format-standard","has-post-thumbnail","hentry","category-actualites","category-culture"],"_links":{"self":[{"href":"https:\/\/ladepeche.mr\/index.php?rest_route=\/wp\/v2\/posts\/7993","targetHints":{"allow":["GET"]}}],"collection":[{"href":"https:\/\/ladepeche.mr\/index.php?rest_route=\/wp\/v2\/posts"}],"about":[{"href":"https:\/\/ladepeche.mr\/index.php?rest_route=\/wp\/v2\/types\/post"}],"author":[{"embeddable":true,"href":"https:\/\/ladepeche.mr\/index.php?rest_route=\/wp\/v2\/users\/2"}],"replies":[{"embeddable":true,"href":"https:\/\/ladepeche.mr\/index.php?rest_route=%2Fwp%2Fv2%2Fcomments&post=7993"}],"version-history":[{"count":5,"href":"https:\/\/ladepeche.mr\/index.php?rest_route=\/wp\/v2\/posts\/7993\/revisions"}],"predecessor-version":[{"id":7999,"href":"https:\/\/ladepeche.mr\/index.php?rest_route=\/wp\/v2\/posts\/7993\/revisions\/7999"}],"wp:featuredmedia":[{"embeddable":true,"href":"https:\/\/ladepeche.mr\/index.php?rest_route=\/wp\/v2\/media\/7994"}],"wp:attachment":[{"href":"https:\/\/ladepeche.mr\/index.php?rest_route=%2Fwp%2Fv2%2Fmedia&parent=7993"}],"wp:term":[{"taxonomy":"category","embeddable":true,"href":"https:\/\/ladepeche.mr\/index.php?rest_route=%2Fwp%2Fv2%2Fcategories&post=7993"},{"taxonomy":"post_tag","embeddable":true,"href":"https:\/\/ladepeche.mr\/index.php?rest_route=%2Fwp%2Fv2%2Ftags&post=7993"}],"curies":[{"name":"wp","href":"https:\/\/api.w.org\/{rel}","templated":true}]}}