{"id":8006,"date":"2023-12-07T19:38:17","date_gmt":"2023-12-07T19:38:17","guid":{"rendered":"https:\/\/ladepeche.mr\/?p=8006"},"modified":"2023-12-07T19:38:17","modified_gmt":"2023-12-07T19:38:17","slug":"decentralisation-le-ministre-de-linterieur-tente-darbitrer-les-differends-entre-elus-du-nord","status":"publish","type":"post","link":"https:\/\/ladepeche.mr\/?p=8006","title":{"rendered":"D\u00e9centralisation : Le ministre de l\u2019int\u00e9rieur tente d\u2019arbitrer les diff\u00e9rends entre \u00e9lus du nord"},"content":{"rendered":"<p>Le ministre de l\u2019Int\u00e9rieur et de la D\u00e9centralisation, Mohamed Ahmed Ould Mohamed Lemine, ne m\u00e9nage pas ses bons offices pour ramener \u00e0 de meilleurs sentiments les \u00e9lus des r\u00e9gions du nord issus des derni\u00e8res \u00e9lections l\u00e9gislatives et municipales.<br \/>\nDans une rencontre avec les pr\u00e9sidents des conseils r\u00e9gionaux et les maires des wilayas du nord, organis\u00e9e, il y a deux jours, \u00e0 Atar, capitale r\u00e9gionale de l\u2019Adrar, le ministre a invit\u00e9 les protagonistes de la politique locale \u00e0 d\u00e9passer leurs clivages et \u00e0 tourner d\u00e9finitivement la page des \u00e9lections pr\u00e9c\u00e9dentes pour favoriser une meilleure synergie des actions et approches de d\u00e9veloppement local au b\u00e9n\u00e9fice de l\u2019int\u00e9r\u00eat.<br \/>\nLe ministre a, \u00e0 cet effet, rappeler l\u2019int\u00e9r\u00eat pour l\u2019action publique d\u2019une meilleure coordination entre les \u00e9lus, notamment les maires, et les autorit\u00e9s administratives locales dans le cadre des attentes li\u00e9es \u00e0 la bonne marche des sessions des conseils municipaux, au vote des budget et pour toute autre action d\u2019int\u00e9r\u00eat g\u00e9n\u00e9ral qui requiert une telle coordination.<br \/>\nNotons que la passion politique d\u00e9clench\u00e9e lors d&#8217;\u00e9lections politiques freine et bloque souvent les actions de d\u00e9veloppement lorsque les \u00e9lus, issus de couleurs politiques diff\u00e9rentes, perp\u00e9tuent leurs antagonismes.<\/p>\n","protected":false},"excerpt":{"rendered":"<p>Le ministre de l\u2019Int\u00e9rieur et de la D\u00e9centralisation, Mohamed Ahmed Ould Mohamed Lemine, ne m\u00e9nage pas ses bons offices pour ramener \u00e0 de meilleurs sentiments les \u00e9lus des r\u00e9gions du nord issus des derni\u00e8res \u00e9lections l\u00e9gislatives et municipales. Dans une rencontre avec les pr\u00e9sidents des conseils r\u00e9gionaux et les maires des wilayas du nord, organis\u00e9e, &hellip;<\/p>\n","protected":false},"author":2,"featured_media":4357,"comment_status":"open","ping_status":"open","sticky":false,"template":"","format":"standard","meta":{"footnotes":""},"categories":[18],"tags":[],"class_list":["post-8006","post","type-post","status-publish","format-standard","has-post-thumbnail","hentry","category-actualites"],"_links":{"self":[{"href":"https:\/\/ladepeche.mr\/index.php?rest_route=\/wp\/v2\/posts\/8006","targetHints":{"allow":["GET"]}}],"collection":[{"href":"https:\/\/ladepeche.mr\/index.php?rest_route=\/wp\/v2\/posts"}],"about":[{"href":"https:\/\/ladepeche.mr\/index.php?rest_route=\/wp\/v2\/types\/post"}],"author":[{"embeddable":true,"href":"https:\/\/ladepeche.mr\/index.php?rest_route=\/wp\/v2\/users\/2"}],"replies":[{"embeddable":true,"href":"https:\/\/ladepeche.mr\/index.php?rest_route=%2Fwp%2Fv2%2Fcomments&post=8006"}],"version-history":[{"count":1,"href":"https:\/\/ladepeche.mr\/index.php?rest_route=\/wp\/v2\/posts\/8006\/revisions"}],"predecessor-version":[{"id":8007,"href":"https:\/\/ladepeche.mr\/index.php?rest_route=\/wp\/v2\/posts\/8006\/revisions\/8007"}],"wp:featuredmedia":[{"embeddable":true,"href":"https:\/\/ladepeche.mr\/index.php?rest_route=\/wp\/v2\/media\/4357"}],"wp:attachment":[{"href":"https:\/\/ladepeche.mr\/index.php?rest_route=%2Fwp%2Fv2%2Fmedia&parent=8006"}],"wp:term":[{"taxonomy":"category","embeddable":true,"href":"https:\/\/ladepeche.mr\/index.php?rest_route=%2Fwp%2Fv2%2Fcategories&post=8006"},{"taxonomy":"post_tag","embeddable":true,"href":"https:\/\/ladepeche.mr\/index.php?rest_route=%2Fwp%2Fv2%2Ftags&post=8006"}],"curies":[{"name":"wp","href":"https:\/\/api.w.org\/{rel}","templated":true}]}}