{"id":8015,"date":"2023-12-09T16:50:48","date_gmt":"2023-12-09T16:50:48","guid":{"rendered":"https:\/\/ladepeche.mr\/?p=8015"},"modified":"2023-12-09T17:19:07","modified_gmt":"2023-12-09T17:19:07","slug":"genocide-contre-les-palestiniens-ladministration-biden-trempee","status":"publish","type":"post","link":"https:\/\/ladepeche.mr\/?p=8015","title":{"rendered":"G\u00e9nocide contre les palestiniens : L\u2019Administration Biden tremp\u00e9e"},"content":{"rendered":"<p>Malgr\u00e9 l\u2019appel de la communaut\u00e9 internationale et des nations-unies pour une tr\u00eave humanitaire, l\u2019Administration Us, par l\u2019usage de son v\u00e9to, a choisi le camp de la purification ethnique contre les palestiniens.<br \/>\nPr\u00e8s de 17 milles morts dont plus de la moiti\u00e9 sont des enfants et des femmes. Ce bilan macabre de la poursuite de l\u2019agression de l\u2019Etat h\u00e9breu contre les palestiniens ne devrait pas s\u2019arr\u00eater. En effet, l\u2019Administration Us a oppos\u00e9, hier, son v\u00e9to contre un projet de r\u00e9solution du conseil de s\u00e9curit\u00e9 pour l\u2019observation d\u2019un cesse-le-feu humanitaire, la veille de la journ\u00e9e internationale des droits de l\u2019homme.<br \/>\nLa posture adopt\u00e9e depuis le 7 octobre 2023 par l\u2019Administration Biden est \u00e0 l\u2019extermination du Peuple palestinien et notamment \u00e0 sa r\u00e9sistance \u00e0 Gaza contre pr\u00e8s d\u2019un si\u00e8cle de domination, de frustration et d\u2019occupation ill\u00e9gale de ses terres par les colons sionistes. Ni les belles phrases de Blinkin, ni celles de K. Harris ou encore de Biden lui-m\u00eame ne trompent sur le parti pris de l\u2019Administration am\u00e9ricaine profond\u00e9ment engag\u00e9e contre les droits et les int\u00e9r\u00eats des arabes et des musulmans dans le monde.<br \/>\nCette fois encore, le pr\u00e9sident Biden qu\u2019on avait tous applaudi, pensant que les d\u00e9mocrates am\u00e9ricains \u00e9taient plus sensibles aux droits humains, se montre encore visc\u00e9ralement pro-sioniste comme l\u2019avait \u00e9t\u00e9 D. Trump ou avant eux .G Bush Jr. Malgr\u00e9 les \u00e9tendards de libert\u00e9, d\u2019\u00e9galit\u00e9 et de respect des r\u00e8gles du droit international, les dirigeants am\u00e9ricains n\u2019en ont cure quand c\u2019est l\u2019Etat h\u00e9breu qui les viole au vu et au su de tous. Pire, la puissance Us est manipul\u00e9e pour lui assurer l\u2019impunit\u00e9 et pour continuer, comme c\u2019est le cas aujourd\u2019hui avec Gaza, son carnage contre les populations civiles palestiniennes au pr\u00e9texte de vouloir d\u00e9cimer le Hamas. Curieusement d&#8217;ailleurs, les victimes nazies de l\u2019holocauste, de la chasse \u00e0 l\u2019homme, reproduisent avec la th\u00e9orie supr\u00e9matiste et raciste du sionisme, les m\u00eames exactions et pogroms contre des populations palestiniennes dont elles ont d\u00e9j\u00e0 spoli\u00e9es les terres.<br \/>\nLes Usa sous Biden donne encore l\u2019image, par Israel interpos\u00e9, plus de sens \u00e0 leur opposition farouche contre les int\u00e9r\u00eats arabo-musulmans. Cette prise de position et ce feu vert \u00e0 l\u2019extermination des populations palestiniennes ne peuvent qu\u2019effriter l\u2019image d\u00e9j\u00e0 hideuse des Usa aux yeux de toute la communaut\u00e9 internationale pour leur responsabilit\u00e9 du parrainage des massacres des enfants et des civils palestiniens.<br \/>\nJD<\/p>\n","protected":false},"excerpt":{"rendered":"<p>Malgr\u00e9 l\u2019appel de la communaut\u00e9 internationale et des nations-unies pour une tr\u00eave humanitaire, l\u2019Administration Us, par l\u2019usage de son v\u00e9to, a choisi le camp de la purification ethnique contre les palestiniens. Pr\u00e8s de 17 milles morts dont plus de la moiti\u00e9 sont des enfants et des femmes. Ce bilan macabre de la poursuite de l\u2019agression &hellip;<\/p>\n","protected":false},"author":2,"featured_media":8019,"comment_status":"open","ping_status":"open","sticky":false,"template":"","format":"standard","meta":{"footnotes":""},"categories":[18,29],"tags":[],"class_list":["post-8015","post","type-post","status-publish","format-standard","has-post-thumbnail","hentry","category-actualites","category-monde"],"_links":{"self":[{"href":"https:\/\/ladepeche.mr\/index.php?rest_route=\/wp\/v2\/posts\/8015","targetHints":{"allow":["GET"]}}],"collection":[{"href":"https:\/\/ladepeche.mr\/index.php?rest_route=\/wp\/v2\/posts"}],"about":[{"href":"https:\/\/ladepeche.mr\/index.php?rest_route=\/wp\/v2\/types\/post"}],"author":[{"embeddable":true,"href":"https:\/\/ladepeche.mr\/index.php?rest_route=\/wp\/v2\/users\/2"}],"replies":[{"embeddable":true,"href":"https:\/\/ladepeche.mr\/index.php?rest_route=%2Fwp%2Fv2%2Fcomments&post=8015"}],"version-history":[{"count":3,"href":"https:\/\/ladepeche.mr\/index.php?rest_route=\/wp\/v2\/posts\/8015\/revisions"}],"predecessor-version":[{"id":8021,"href":"https:\/\/ladepeche.mr\/index.php?rest_route=\/wp\/v2\/posts\/8015\/revisions\/8021"}],"wp:featuredmedia":[{"embeddable":true,"href":"https:\/\/ladepeche.mr\/index.php?rest_route=\/wp\/v2\/media\/8019"}],"wp:attachment":[{"href":"https:\/\/ladepeche.mr\/index.php?rest_route=%2Fwp%2Fv2%2Fmedia&parent=8015"}],"wp:term":[{"taxonomy":"category","embeddable":true,"href":"https:\/\/ladepeche.mr\/index.php?rest_route=%2Fwp%2Fv2%2Fcategories&post=8015"},{"taxonomy":"post_tag","embeddable":true,"href":"https:\/\/ladepeche.mr\/index.php?rest_route=%2Fwp%2Fv2%2Ftags&post=8015"}],"curies":[{"name":"wp","href":"https:\/\/api.w.org\/{rel}","templated":true}]}}