{"id":8022,"date":"2023-12-11T12:16:13","date_gmt":"2023-12-11T12:16:13","guid":{"rendered":"https:\/\/ladepeche.mr\/?p=8022"},"modified":"2023-12-11T12:16:13","modified_gmt":"2023-12-11T12:16:13","slug":"le-commissaire-aux-droits-de-lhomme-la-situation-des-droits-de-lhomme-en-mauritanie-a-connu-de-grandes-evolutions-et-realisations-concretes-et-nous-sommes-determines-a-la-r","status":"publish","type":"post","link":"https:\/\/ladepeche.mr\/?p=8022","title":{"rendered":"Le Commissaire aux droits de l\u2019Homme:\u201d La situation des droits de l\u2019Homme en Mauritanie a connu de grandes \u00e9volutions et r\u00e9alisations concr\u00e8tes et nous sommes d\u00e9termin\u00e9s \u00e0 la renforcer\u201d"},"content":{"rendered":"<p>Le commissaire aux Droits de l\u2019Homme, \u00e0 l\u2019Action humanitaire et aux relations avec la soci\u00e9t\u00e9 civile, M. Cheikh Ahmedou Ould Sidi a affirm\u00e9 que la situation des Droits de l\u2019Homme dans notre pays a connu au cours de l\u2019ann\u00e9e en cours de grandes \u00e9volutions et r\u00e9alisations concr\u00e8tes dans le domaine de la promotion et de la protection des droits civiques, politiques, \u00e9conomiques et sociaux avec lesquelles la place de la Mauritanie s\u2019est renforc\u00e9e dans le concert des Nations  \u0153uvrant avec s\u00e9rieux \u00e0 construire l\u2019Etat de Droit et des institutions et \u00e0 ancrer le concept de l\u2019exercice de la  d\u00e9mocratie.<\/p>\n<p>Dans un discours prononc\u00e9 \u00e0 l\u2019occasion de la c\u00e9l\u00e9bration de la journ\u00e9e mondiale des droits de l\u2019Homme qui co\u00efncide avec le 10 d\u00e9cembre de chaque ann\u00e9e, le Commissaire a indiqu\u00e9 que la Mauritanie est d\u00e9termin\u00e9e, \u00e0 travers tous ses programmes et ses strat\u00e9gies de d\u00e9veloppement \u00e0 renforcer et \u00e0 prot\u00e9ger les droits de l\u2019homme en collaboration avec l\u2019ensemble de ses partenaires.<\/p>\n<p>Ci-apr\u00e8s le texte de ce discours:<\/p>\n<p>\u201d Notre pays c\u00e9l\u00e8bre demain, \u00e0 l\u2019instar de la communaut\u00e9 internationale, la journ\u00e9e mondiale des droits de l\u2019homme qui co\u00efncide cette ann\u00e9e avec  le 75eme anniversaire de l\u2019adoption par l\u2019Assembl\u00e9e g\u00e9n\u00e9rale des Nations Unies de la d\u00e9claration universelle des droits de l\u2019homme, le 10 d\u00e9cembre 1948. C\u2019est l\u00e0 une occasion pour notre pays de renouveler  son attachement aux principes et aux contenus de cette d\u00e9claration en tant que document r\u00e9f\u00e9rentiel et crit\u00e8re commun des peuples et des nations  dans le domaine des droits de l\u2019homme, document \u00e0 travers lequel ont \u00e9t\u00e9 reconnus le droit \u00e0 la dignit\u00e9 de tous les membres de l\u2019Humanit\u00e9 et leurs droits \u00e9gaux et constants sur la base de la libert\u00e9, de la justice, de l\u2019\u00e9galit\u00e9 et de la paix, de fa\u00e7on ind\u00e9niable et \u00e0 garantir \u00e0 tout individu de jouir de ses  droits en tant qu\u2019humain quel que soit sa race, sa couleur, son genre ou sa langue.<\/p>\n<p>Cette journ\u00e9e est c\u00e9l\u00e9br\u00e9e cette ann\u00e9e sous le th\u00e8me de \u201d La dignit\u00e9, la libert\u00e9 et la justice pour tous\u201d. Pour la deuxi\u00e8me fois cons\u00e9cutive, la c\u00e9l\u00e9bration porte des significations profondes dans un monde qui connait un \u00e9tat de disparit\u00e9 exigeant de tous de faire face \u00e0 ces ph\u00e9nom\u00e8nes et d\u2019\u0153uvrer avec s\u00e9rieux et rigueur pour les d\u00e9passer  et les \u00e9radiquer.<\/p>\n<p>Dans ce cadre, notre pays a particip\u00e9 dans la campagne  internationale lanc\u00e9e par les Nations Unies et qui s\u2019est \u00e9tendue sur une ann\u00e9e dans le but de jeter la lumi\u00e8re sur la d\u00e9claration mondiale des droits de l\u2019Homme, en axant  sur son h\u00e9ritage, son importance et la lutte r\u00e9alis\u00e9e dans son cadre, ce qui est conforme aux orientations du Pr\u00e9sident de la R\u00e9publique, Son Excellence Monsieur Mohamed Ould Cheikh El Ghazouani et \u00e0 son action soutenue visant \u00e0 pr\u00e9server la dignit\u00e9 humaine \u00e0 travers la lutte qu\u2019il engage contre toutes les formes sociales n\u00e9gatives lorsqu\u2019il a dit dans son discours \u00e0 la Nation \u00e0 l\u2019occasion du 63eme anniversaire de l\u2019ind\u00e9pendance nationale : \u00ab Nous avons lutt\u00e9 contre tous les comportements qui sont contraires aux droits de l\u2019homme , \u0153uvr\u00e9 pour l\u2019ex\u00e9cution du plan national de lutte contre le trafic des \u00eatres humains, mis en place un arsenal juridique appropri\u00e9 pour cela, adopt\u00e9  une feuille de route pour adapter les lois aux conventions internationales ratifi\u00e9es dans ce cadre et renforc\u00e9 les  capacit\u00e9s des organisations de la soci\u00e9t\u00e9 civile intervenant dans le domaine des droits de l\u2019homme\u201d.<\/p>\n<p>Mesdames et Messieurs,<\/p>\n<p>La situation des droits de l\u2019homme dans notre pays a connu au cours de l\u2019ann\u00e9e en cours  de grandes \u00e9volutions et r\u00e9alisations concr\u00e8tes dans le domaine de la promotion et de la protection des droits civiques, politiques, \u00e9conomiques et sociaux avec lesquelles la place  de la Mauritanie s\u2019est renforc\u00e9e dans le concert des Nations \u0153uvrant avec s\u00e9rieux \u00e0 \u00e9difier l\u2019Etat de Droit et des institutions et \u00e0 ancrer le concept de l\u2019exercice de la d\u00e9mocratie et des  droits de l\u2019Homme.<\/p>\n<p>Dans ce contexte, nous avons achev\u00e9 l\u2019action visant \u00e0 mettre en place le projet de la strat\u00e9gie nationale  de promotion et de protection des droits de l\u2019Homme  dans le pays qui a \u00e9t\u00e9 r\u00e9alis\u00e9 en collaboration avec le Haut Commissariat des Nations Unies pour les Droits de l\u2019Homme, apr\u00e8s un long processus de concertations et de rencontres  avec les diff\u00e9rents acteurs, \u00e0 travers lesquelles une vision globale a \u00e9t\u00e9 con\u00e7ue sur les diff\u00e9rentes questions et probl\u00e9matiques dans le pays. Un plan d\u2019action nationale global a \u00e9t\u00e9 \u00e9galement mis en place pour \u00eatre mat\u00e9rialis\u00e9 sur le terrain de la r\u00e9alit\u00e9.<\/p>\n<p>Il est pr\u00e9vu en outre que le conseil des ministres approuve tr\u00e8s prochainement le projet de la strat\u00e9gie qui se base sur les multiples engagements de l\u2019Etat en ce qui concerne la justice et la prosp\u00e9rit\u00e9 sociales, le renforcement du concept de la citoyennet\u00e9 et de l\u2019Etat de Droit, en plus de la garantie des droits \u00e9conomiques et sociaux et de l\u2019\u00e9tablissement d\u2019une soci\u00e9t\u00e9 globale et compl\u00e9mentaire  exempte de toutes les formes de l\u2019exclusion.<\/p>\n<p>Le  cadre institutionnel a connu aussi une importante \u00e9volution \u00e0 travers la dynamisation de l\u2019organisme national de lutte contre le trafic des \u00eatres humains  et de l\u2019\u00e9migration  qui constitue une expression sinc\u00e8re de la volont\u00e9 du gouvernement et de sa d\u00e9termination de poursuivre les efforts visant \u00e0 lutter contre le trafic des \u00eatres humains , conform\u00e9ment aux orientations du Pr\u00e9sident de la R\u00e9publique, Son Excellence Monsieur Mohamed Ould Cheikh El Ghazouani dans son programme \u201cTeahoudati\u201d et une mat\u00e9rialisation de la d\u00e9claration de politique g\u00e9n\u00e9rale du Gouvernement dans son aspect relatif \u00e0 la promotion et \u00e0 la protection des Droits de l\u2019Homme.<\/p>\n<p>L\u2019organisme national de lutte contre le trafic des \u00eatres humains et l\u2019\u00e9migration a organis\u00e9, en collaboration avec les organisations de la soci\u00e9t\u00e9 civile, une  campagne nationale de sensibilisation sur le trafic des \u00eatres humains et a remis des subventions au profit des victimes du trafic des \u00eatres humains  par le biais du fonds d\u2019appui et d\u2019assistance aux victimes dudit trafic, en plus de l\u2019activation d\u2019un num\u00e9ro vert gratuit  (1916) destin\u00e9 \u00e0 informer sur les cas de trafic des \u00eatres humains et de lutte contre l\u2019\u00e9migration et de l\u2019organisation de sessions de formation pour renforcer les capacit\u00e9s des acteurs intervenant dans le domaine.<\/p>\n<p>En plus de tout cela, une cellule commune entre le minist\u00e8re de la justice, notre d\u00e9partement et le parquet g\u00e9n\u00e9ral a \u00e9t\u00e9 cr\u00e9\u00e9e et charg\u00e9e d\u2019un suivi minutieux  des questions d\u2019esclavage et de trafic des \u00eatres humains soumises \u00e0 la justice. Cette cellule commune a pu mettre en place une base de donn\u00e9es pour suivre les dossiers, donn\u00e9es qui sont actualis\u00e9es chaque semaine.<\/p>\n<p>Mesdames et Messieurs,<\/p>\n<p>Le climat d\u2019apaisement et d\u2019ouverture politique a contribu\u00e9, dans le domaine de la promotion des droits civils et politiques, au renforcement de la coh\u00e9sion sociale et de l\u2019unit\u00e9 nationale. Le gouvernement a poursuivi, dans ce cadre, ses concertations avec les diff\u00e9rentes forces politiques nationales et des \u00e9lections l\u00e9gislatives, r\u00e9gionales et municipales ont \u00e9t\u00e9 organis\u00e9es sur une base consensuelle. Les concertations se poursuivent toujours avec les diff\u00e9rentes forces politiques nationales au sujet du Pacte r\u00e9publicain, qui stipule l\u2019\u00e9tablissement d\u2019une entente politique nationale r\u00e9publicaine et d\u00e9mocratique ouverte \u00e0 tous les acteurs politiques,  afin de faire avancer le pays vers plus d\u2019harmonie, d\u2019unit\u00e9, et de coh\u00e9sion sociale et puis \u00e0 la d\u00e9mocratie, au d\u00e9veloppement et \u00e0 la prosp\u00e9rit\u00e9.<\/p>\n<p>A propos des droits civils, des missions charg\u00e9es d\u2019enr\u00f4ler les citoyens qui n\u2019ont pas encore \u00e9t\u00e9 inscrits au registre national biom\u00e9trique de la populations et des titres s\u00e9curis\u00e9s  de la population, dans le but d\u2019achever le processus de recensement des citoyens avant le 31 d\u00e9cembre de cette ann\u00e9e, en assouplissant les proc\u00e9dures et en rapprochant le service des citoyens dans les communes rurales non connect\u00e9es \u00e0 Internet ont \u00e9t\u00e9 d\u00e9p\u00each\u00e9es, avec la perspective d\u2019offrir le service d\u2019enregistrement dans les communes ne disposant pas de centre d\u2019\u00e9tat civil sur toute l\u2019\u00e9tendue des wilayas du pays, au cours des op\u00e9rations entreprises \u00e0 cette \u00e9tape.<\/p>\n<p>Un travail est actuellement engag\u00e9 en vue de la mise en \u0153uvre du document de concertation sur la r\u00e9forme du secteur judiciaire afin d\u2019assurer la modernisation du pouvoir judiciaire et de renforcer son ind\u00e9pendance. Il a \u00e9t\u00e9 entrepris dans ce cadre, une restructuration de la direction des affaires p\u00e9nales et de l\u2019administration p\u00e9nitentiaire, qui devient une direction g\u00e9n\u00e9rale des prisons, en plus de la r\u00e9insertion, dans un effort s\u00e9rieux du gouvernement pour am\u00e9liorer les conditions des d\u00e9tenus \u00e0 travers une augmentation significative des allocations sociales, adapt\u00e9es aux normes internationales,  en \u00e9levant le niveau de sensibilisation, d\u2019\u00e9ducation civique et religieuse, ainsi que de formation \u00e0 certaines professions, comme la coiffure, la couture, la menuiserie, la peinture, etc\u2026, dans le but de pr\u00e9parer les d\u00e9tenus \u00e0 la r\u00e9insertion sociale.<\/p>\n<p>Mesdames et Messieurs,<\/p>\n<p>Le Gouvernement a continu\u00e9, dans le cadre de la promotion des droits \u00e9conomiques et sociaux, l\u2019ex\u00e9cution de programmes de r\u00e9formes et de services inclus dans le programme \u00e9largi Mes Priorit\u00e9s de Son Excellence le Pr\u00e9sident de la R\u00e9publique, afin d\u2019am\u00e9liorer le pouvoir d\u2019achat des citoyens, d\u2019am\u00e9liorer leur acc\u00e8s aux services de base et de cr\u00e9er davantage d\u2019opportunit\u00e9s d\u2019emploi, ce qui traduit clairement la grande importance accord\u00e9e par les hautes autorit\u00e9s du pays \u00e0 la promotion et au d\u00e9veloppement des secteurs de la sant\u00e9 et de l\u2019\u00e9ducation en  \u00e9liminant l\u2019exclusion, l\u2019injustice et en r\u00e9duisant les disparit\u00e9s entre les couches de la soci\u00e9t\u00e9.<\/p>\n<p>Le gouvernement poursuit pour la seconde ann\u00e9e cons\u00e9cutive, pour ce qui concerne le renforcement et la modernisation du secteur \u00e9ducatif, la mise en \u0153uvre du Projet de l\u2019Ecole r\u00e9publicaine, qui vise \u00e0 consolider le principe d\u2019\u00e9quit\u00e9 et d\u2019\u00e9galit\u00e9, en redonnant \u00e0 nos institutions \u00e9ducatives leur r\u00f4le de terrain d\u2019\u00e9ducation des valeurs r\u00e9publicaines et de pilier de notre coh\u00e9sion sociale et de notre unit\u00e9 nationale.<\/p>\n<p>Le nombre d\u2019enseignants est pass\u00e9 dans ce contexte, de 9.607 en 2019 \u00e0 17.222 en 2023, soit une augmentation de  79%, alors que  4.646 salles de classe ont \u00e9t\u00e9 achev\u00e9es ou sont en cours de construction et 85.000 tables acquises, tandis que le nombre d\u2019\u00e9coles b\u00e9n\u00e9ficiant de cantines scolaire a augment\u00e9 de 140%, passant de 512 \u00e9tablissements en 2019 \u00e0 1.379 \u00e9coles en  2023.<\/p>\n<p>Le volet des services de sant\u00e9 a \u00e9t\u00e9 marqu\u00e9 quant \u00e0 lui, par la mise en \u0153uvre du syst\u00e8me d\u2019assurance maladie sociale et volontaire supervis\u00e9 par la Caisse Nationale de Solidarit\u00e9 en Sant\u00e9 (CNASS) en cours d\u2019ex\u00e9cution ;  ce qui permettra aux citoyens cibl\u00e9s d\u2019acc\u00e9der \u00e0 des services de sant\u00e9 de qualit\u00e9 \u00e0 faible co\u00fbt, puisque l\u2019\u00c9tat prend en charge environ 65% du montant total de la cotisation de chaque assur\u00e9, afin de rendre les services de sant\u00e9 accessibles \u00e0 tous les citoyens, puisque chaque b\u00e9n\u00e9ficiaire versera annuellement 250 ouguiya, permettant ainsi de faire face aux d\u00e9penses de sant\u00e9 urgentes et co\u00fbteuses.<\/p>\n<p>Mesdames et Messieurs,<\/p>\n<p>Dans le cadre des missions qui lui sont confi\u00e9es li\u00e9es \u00e0 l\u2019\u00e9ducation, \u00e0 la sensibilisation des citoyens afin d\u2019attirer leur attention sur les questions nationales prioritaires, le Commissariat aux Droits de l\u2019Homme, \u00e0 l\u2019Action Humanitaire et aux Relations avec la Soci\u00e9t\u00e9 Civile a organis\u00e9 :<\/p>\n<p>\u2013 Une c\u00e9r\u00e9monie pour signer l\u2019appel historique de Dj\u00e9ol par les organisations de la soci\u00e9t\u00e9 civile et les exhorter \u00e0 agir en cons\u00e9quence ;<\/p>\n<p>\u2013 Lancer des caravanes de sensibilisation qui ont parcouru l\u2019ensemble du territoire national afin d\u2019interpeller les citoyens et de les sensibiliser sur l\u2019importance de l\u2019inscription \u00e0 l\u2019\u00e9tat civil national ;<\/p>\n<p>\u2013 Lancer des caravanes de sensibilisation \u00e0 la lutte contre la traite des personnes dans le cadre de la comm\u00e9moration de la Journ\u00e9e internationale de lutte contre la traite des personnes ;<\/p>\n<p>\u2013 Achever les ateliers de formation organis\u00e9s au profit des organisations de la soci\u00e9t\u00e9 civile dans le domaine du suivi, de la documentation et du signalement des violations des droits de l\u2019homme.<\/p>\n<p>Mesdames et Messieurs,<\/p>\n<p>En tant que secteur gouvernemental concern\u00e9 par le suivi des engagements internationaux de notre pays dans le domaine des droits de l\u2019homme, nous avons \u0153uvr\u00e9 tout au long de l\u2019ann\u00e9e en cours pour renforcer l\u2019interaction positive du pays avec les m\u00e9canismes internationaux des droits de l\u2019homme. Notre pays a accueilli cette ann\u00e9e, sur ce plan, le Groupe de travail des Nations Unies sur la discrimination \u00e0 l\u2019\u00e9gard des femmes et des filles, lors de sa premi\u00e8re visite effectu\u00e9e en Mauritanie. Les rapports initiaux et p\u00e9riodiques de notre pays ont \u00e9galement \u00e9t\u00e9 soumis et suivis devant les comit\u00e9s des trait\u00e9s des Nations Unies, tels que le Comit\u00e9 de la Convention internationale sur l\u2019\u00e9limination de la discrimination \u00e0 l\u2019\u00e9gard des femmes, le Comit\u00e9 des Nations Unies sur les droits des personnes handicap\u00e9es et le Comit\u00e9 des droits des personnes handicap\u00e9es, la  Convention internationale pour la protection de toutes les personnes contre les disparitions forc\u00e9es.<\/p>\n<p>Afin d\u2019assurer un suivi pr\u00e9cis de la mise en \u0153uvre des recommandations adress\u00e9es \u00e0 notre pays par les divers m\u00e9canismes internationaux et r\u00e9gionaux des droits de l\u2019homme, nous avons d\u00e9velopp\u00e9 une base de donn\u00e9es \u00e9lectroniques qui est actuellement en cours de lancement avant la fin de cette ann\u00e9e.<\/p>\n<p>Mesdames et Messieurs,<\/p>\n<p>Le Commissariat aux droits de l\u2019homme, \u00e0 l\u2019action humanitaire et aux relations avec la soci\u00e9t\u00e9 civile, a poursuivi, dans le cadre de sa politique d\u2019ouverture \u00e0 l\u2019\u00e9gard de tous les partenaires et acteurs dans le domaine des droits de l\u2019homme, son action participative pour promouvoir et prot\u00e9ger les droits de l\u2019homme et rechercher des solutions appropri\u00e9es aux questions pos\u00e9es, inaugurant une rupture d\u00e9finitive avec la logique du d\u00e9ni et la m\u00e9thode de la confrontation. Il a proc\u00e9d\u00e9 dans ce cadre \u00e0 l\u2019appui des  activit\u00e9s et programmes soumis par les organisations de la soci\u00e9t\u00e9 civile au Commissariat, d\u2019une enveloppe financi\u00e8re de 180 000 000 ouguiyas anciennes environ.<\/p>\n<p>Mesdames et Messieurs,<\/p>\n<p>En conclusion, je vous assure que notre pays est d\u00e9termin\u00e9, \u00e0 travers ses diff\u00e9rents programmes et strat\u00e9gies, \u00e0 d\u00e9velopper, \u00e0 promouvoir et \u00e0 prot\u00e9ger les droits de l\u2019homme en collaboration avec tous ses partenaires. A cette occasion, j\u2019appelle tous les acteurs nationaux et nos partenaires de d\u00e9veloppement \u00e0 contribuer efficacement \u00e0 cette approche qui accorde aux droits de l\u2019homme l\u2019attention et le soin qui leur sont dus.<\/p>\n<p>Je vous remercie \u00bb<br \/>\nAmi<\/p>\n","protected":false},"excerpt":{"rendered":"<p>Le commissaire aux Droits de l\u2019Homme, \u00e0 l\u2019Action humanitaire et aux relations avec la soci\u00e9t\u00e9 civile, M. Cheikh Ahmedou Ould Sidi a affirm\u00e9 que la situation des Droits de l\u2019Homme dans notre pays a connu au cours de l\u2019ann\u00e9e en cours de grandes \u00e9volutions et r\u00e9alisations concr\u00e8tes dans le domaine de la promotion et de &hellip;<\/p>\n","protected":false},"author":2,"featured_media":7694,"comment_status":"open","ping_status":"open","sticky":false,"template":"","format":"standard","meta":{"footnotes":""},"categories":[18,29],"tags":[],"class_list":["post-8022","post","type-post","status-publish","format-standard","has-post-thumbnail","hentry","category-actualites","category-monde"],"_links":{"self":[{"href":"https:\/\/ladepeche.mr\/index.php?rest_route=\/wp\/v2\/posts\/8022","targetHints":{"allow":["GET"]}}],"collection":[{"href":"https:\/\/ladepeche.mr\/index.php?rest_route=\/wp\/v2\/posts"}],"about":[{"href":"https:\/\/ladepeche.mr\/index.php?rest_route=\/wp\/v2\/types\/post"}],"author":[{"embeddable":true,"href":"https:\/\/ladepeche.mr\/index.php?rest_route=\/wp\/v2\/users\/2"}],"replies":[{"embeddable":true,"href":"https:\/\/ladepeche.mr\/index.php?rest_route=%2Fwp%2Fv2%2Fcomments&post=8022"}],"version-history":[{"count":1,"href":"https:\/\/ladepeche.mr\/index.php?rest_route=\/wp\/v2\/posts\/8022\/revisions"}],"predecessor-version":[{"id":8023,"href":"https:\/\/ladepeche.mr\/index.php?rest_route=\/wp\/v2\/posts\/8022\/revisions\/8023"}],"wp:featuredmedia":[{"embeddable":true,"href":"https:\/\/ladepeche.mr\/index.php?rest_route=\/wp\/v2\/media\/7694"}],"wp:attachment":[{"href":"https:\/\/ladepeche.mr\/index.php?rest_route=%2Fwp%2Fv2%2Fmedia&parent=8022"}],"wp:term":[{"taxonomy":"category","embeddable":true,"href":"https:\/\/ladepeche.mr\/index.php?rest_route=%2Fwp%2Fv2%2Fcategories&post=8022"},{"taxonomy":"post_tag","embeddable":true,"href":"https:\/\/ladepeche.mr\/index.php?rest_route=%2Fwp%2Fv2%2Ftags&post=8022"}],"curies":[{"name":"wp","href":"https:\/\/api.w.org\/{rel}","templated":true}]}}