{"id":8026,"date":"2023-12-11T16:11:04","date_gmt":"2023-12-11T16:11:04","guid":{"rendered":"https:\/\/ladepeche.mr\/?p=8026"},"modified":"2023-12-11T16:11:04","modified_gmt":"2023-12-11T16:11:04","slug":"le-ministre-de-leconomie-signe-deux-accords-de-prets-concessionnels-avec-la-banque-mondiale-dun-montant-de-3-milliards-douguiya","status":"publish","type":"post","link":"https:\/\/ladepeche.mr\/?p=8026","title":{"rendered":"Le ministre de l\u2019Economie signe deux accords de pr\u00eats concessionnels avec la Banque Mondiale d\u2019un montant de 3 milliards d\u2019ouguiya"},"content":{"rendered":"<p>Son Excellence le ministre de l\u2019Economie et du D\u00e9veloppement Durable, M. Abdessalam Mohamed Saleh, a sign\u00e9 aujourd\u2019hui lundi \u00e0 Nouakchott, avec la repr\u00e9sentante r\u00e9sidente de la Banque Mondiale dans notre pays, Mme Cristina Isabel Santos, deux accords de pr\u00eats concessionnels d\u2019un montant de 64,8 millions d\u2019unit\u00e9s de droit de tirage sp\u00e9cial (DTS), soit environ 3,395 milliards d\u2019ouguiyas.<\/p>\n<p> Le premier accord porte sur un financement compl\u00e9mentaire pour le projet d\u2019appui \u00e0 la d\u00e9centralisation et au d\u00e9veloppement des villes interm\u00e9diaires (Projet Moudoun), lequel s\u2019\u00e9l\u00e8ve \u00e0 19,1 millions d\u2019unit\u00e9s DTS, soit environ 1 milliard d\u2019ouguiya.<br \/>\n Le projet vise \u00e0 am\u00e9liorer l\u2019acc\u00e8s aux services dans les zones cibl\u00e9es et \u00e0 renforcer la capacit\u00e9 des autorit\u00e9s locales \u00e0 planifier et g\u00e9rer les services publics locaux.<\/p>\n<p>Le second accord alloue un financement au Programme r\u00e9gional d\u2019int\u00e9gration num\u00e9rique de l\u2019Afrique de l\u2019Ouest (WARDIP), dont le financement s\u2019\u00e9l\u00e8ve \u00e0 45,7 millions d\u2019unit\u00e9s DTS, ce qui  \u00e9quivaut \u00e0 environ 2,395 milliards d\u2019Ouguiya.<br \/>\nCe financement vise \u00e0 soutenir l\u2019int\u00e9gration et la digitalisation des services publics en Afrique de l\u2019Ouest et \u00e0 am\u00e9liorer l\u2019acc\u00e8s et l\u2019usage de l\u2019Internet dans les pays de la r\u00e9gion pour renforcer l\u2019int\u00e9gration des march\u00e9s num\u00e9riques en Afrique de l\u2019Ouest.<br \/>\n Dans son discours de circonstance, Son Excellence le ministre de l\u2019Economie et du D\u00e9veloppement Durable a expliqu\u00e9 que ces deux projets s\u2019inscrivent dans le cadre de l\u2019engagement permanent de Son Excellence le Pr\u00e9sident de la R\u00e9publique, Monsieur Mohamed Ould Cheikh El Ghazouani, \u00e0 \u0153uvrer en faveur de l\u2019accessibilit\u00e9 de la population aux services  de base.<\/p>\n<p>De son c\u00f4t\u00e9, la repr\u00e9sentante de la Banque mondiale a indiqu\u00e9 que ces deux projets visent \u00e0 am\u00e9liorer le d\u00e9veloppement en Mauritanie, notant la disposition de la Banque mondiale \u00e0 soutenir le Gouvernement mauritanien.<\/p>\n<p>La c\u00e9r\u00e9monie de signature s\u2019est d\u00e9roul\u00e9e en pr\u00e9sence du ministre de la Transition num\u00e9rique, de l\u2019Innovation et de la Modernisation de l\u2019Administration, M. Mohamed Abdellahi Ould Louly, du  secr\u00e9taire g\u00e9n\u00e9ral du minist\u00e8re de l\u2019\u00c9conomie et du D\u00e9veloppement durable par int\u00e9rim, ainsi que  de certains responsables des deux D\u00e9partements.<\/p>\n","protected":false},"excerpt":{"rendered":"<p>Son Excellence le ministre de l\u2019Economie et du D\u00e9veloppement Durable, M. Abdessalam Mohamed Saleh, a sign\u00e9 aujourd\u2019hui lundi \u00e0 Nouakchott, avec la repr\u00e9sentante r\u00e9sidente de la Banque Mondiale dans notre pays, Mme Cristina Isabel Santos, deux accords de pr\u00eats concessionnels d\u2019un montant de 64,8 millions d\u2019unit\u00e9s de droit de tirage sp\u00e9cial (DTS), soit environ 3,395 &hellip;<\/p>\n","protected":false},"author":2,"featured_media":0,"comment_status":"open","ping_status":"open","sticky":false,"template":"","format":"standard","meta":{"footnotes":""},"categories":[18,2],"tags":[],"class_list":["post-8026","post","type-post","status-publish","format-standard","hentry","category-actualites","category-economie"],"_links":{"self":[{"href":"https:\/\/ladepeche.mr\/index.php?rest_route=\/wp\/v2\/posts\/8026","targetHints":{"allow":["GET"]}}],"collection":[{"href":"https:\/\/ladepeche.mr\/index.php?rest_route=\/wp\/v2\/posts"}],"about":[{"href":"https:\/\/ladepeche.mr\/index.php?rest_route=\/wp\/v2\/types\/post"}],"author":[{"embeddable":true,"href":"https:\/\/ladepeche.mr\/index.php?rest_route=\/wp\/v2\/users\/2"}],"replies":[{"embeddable":true,"href":"https:\/\/ladepeche.mr\/index.php?rest_route=%2Fwp%2Fv2%2Fcomments&post=8026"}],"version-history":[{"count":1,"href":"https:\/\/ladepeche.mr\/index.php?rest_route=\/wp\/v2\/posts\/8026\/revisions"}],"predecessor-version":[{"id":8027,"href":"https:\/\/ladepeche.mr\/index.php?rest_route=\/wp\/v2\/posts\/8026\/revisions\/8027"}],"wp:attachment":[{"href":"https:\/\/ladepeche.mr\/index.php?rest_route=%2Fwp%2Fv2%2Fmedia&parent=8026"}],"wp:term":[{"taxonomy":"category","embeddable":true,"href":"https:\/\/ladepeche.mr\/index.php?rest_route=%2Fwp%2Fv2%2Fcategories&post=8026"},{"taxonomy":"post_tag","embeddable":true,"href":"https:\/\/ladepeche.mr\/index.php?rest_route=%2Fwp%2Fv2%2Ftags&post=8026"}],"curies":[{"name":"wp","href":"https:\/\/api.w.org\/{rel}","templated":true}]}}