{"id":8033,"date":"2023-12-14T00:31:55","date_gmt":"2023-12-14T00:31:55","guid":{"rendered":"https:\/\/ladepeche.mr\/?p=8033"},"modified":"2023-12-14T00:31:55","modified_gmt":"2023-12-14T00:31:55","slug":"senegal-mauritanie-armees-le-chef-detat-major-general-des-armees-mauritaniennes-en-visite-a-dakar","status":"publish","type":"post","link":"https:\/\/ladepeche.mr\/?p=8033","title":{"rendered":"S\u00e9n\u00e9gal-Mauritanie-Arm\u00e9es : le chef d\u2019\u00e9tat-major g\u00e9n\u00e9ral des Arm\u00e9es mauritaniennes en visite \u00e0 Dakar"},"content":{"rendered":"<p> Le chef d\u2019\u00e9tat-major g\u00e9n\u00e9ral des Arm\u00e9es mauritaniennes, le G\u00e9n\u00e9ral de division Mokhtar Bole Chaaban, effectue une visite d\u2019amiti\u00e9 et de travail \u00e0 Dakar, dans la p\u00e9riode du 12 au 14 d\u00e9cembre 2023, a-t-on appris de la Direction de l\u2019information et des relations publiques des arm\u00e9es (DIRPA).<\/p>\n<p>&#8220;Une d\u00e9l\u00e9gation conduite par le chef d\u2019\u00e9tat-major g\u00e9n\u00e9ral des Arm\u00e9es mauritaniennes effectue une visite d\u2019amiti\u00e9 et de travail \u00e0 Dakar, dans la p\u00e9riode du 12 au 14 d\u00e9cembre 2023&#8221;, indique la DIRPA dans un communiqu\u00e9 dont l\u2019APS a eu connaissance.<\/p>\n<p>Selon la m\u00eame source, &#8220;cette visite entre dans le cadre de la coop\u00e9ration militaire entre le S\u00e9n\u00e9gal et la R\u00e9publique islamique de Mauritanie et vient \u00e0 la suite de celle effectu\u00e9e par le CEMGA du S\u00e9n\u00e9gal \u00e0 Nouakchott, en 2022&#8221;.<\/p>\n<p>Durant son s\u00e9jour au S\u00e9n\u00e9gal, le G\u00e9n\u00e9ral de division Mokhtar Bole Chaaban sera re\u00e7u en audience par le ministre des Forces arm\u00e9es, El Hadj Omar Youm, et par le pr\u00e9sident de la R\u00e9publique, Macky Sall.<\/p>\n<p>La DIRPA annonce qu\u2019un un communiqu\u00e9 conjoint sera sign\u00e9 par les CEMGA, jeudi, \u00e0 13h00 au quartier Dial Diop, \u00e0 Dakar.<\/p>\n<p>OID (APS)<\/p>\n","protected":false},"excerpt":{"rendered":"<p>Le chef d\u2019\u00e9tat-major g\u00e9n\u00e9ral des Arm\u00e9es mauritaniennes, le G\u00e9n\u00e9ral de division Mokhtar Bole Chaaban, effectue une visite d\u2019amiti\u00e9 et de travail \u00e0 Dakar, dans la p\u00e9riode du 12 au 14 d\u00e9cembre 2023, a-t-on appris de la Direction de l\u2019information et des relations publiques des arm\u00e9es (DIRPA). &#8220;Une d\u00e9l\u00e9gation conduite par le chef d\u2019\u00e9tat-major g\u00e9n\u00e9ral des &hellip;<\/p>\n","protected":false},"author":2,"featured_media":8034,"comment_status":"open","ping_status":"open","sticky":false,"template":"","format":"standard","meta":{"footnotes":""},"categories":[18,29],"tags":[],"class_list":["post-8033","post","type-post","status-publish","format-standard","has-post-thumbnail","hentry","category-actualites","category-monde"],"_links":{"self":[{"href":"https:\/\/ladepeche.mr\/index.php?rest_route=\/wp\/v2\/posts\/8033","targetHints":{"allow":["GET"]}}],"collection":[{"href":"https:\/\/ladepeche.mr\/index.php?rest_route=\/wp\/v2\/posts"}],"about":[{"href":"https:\/\/ladepeche.mr\/index.php?rest_route=\/wp\/v2\/types\/post"}],"author":[{"embeddable":true,"href":"https:\/\/ladepeche.mr\/index.php?rest_route=\/wp\/v2\/users\/2"}],"replies":[{"embeddable":true,"href":"https:\/\/ladepeche.mr\/index.php?rest_route=%2Fwp%2Fv2%2Fcomments&post=8033"}],"version-history":[{"count":1,"href":"https:\/\/ladepeche.mr\/index.php?rest_route=\/wp\/v2\/posts\/8033\/revisions"}],"predecessor-version":[{"id":8035,"href":"https:\/\/ladepeche.mr\/index.php?rest_route=\/wp\/v2\/posts\/8033\/revisions\/8035"}],"wp:featuredmedia":[{"embeddable":true,"href":"https:\/\/ladepeche.mr\/index.php?rest_route=\/wp\/v2\/media\/8034"}],"wp:attachment":[{"href":"https:\/\/ladepeche.mr\/index.php?rest_route=%2Fwp%2Fv2%2Fmedia&parent=8033"}],"wp:term":[{"taxonomy":"category","embeddable":true,"href":"https:\/\/ladepeche.mr\/index.php?rest_route=%2Fwp%2Fv2%2Fcategories&post=8033"},{"taxonomy":"post_tag","embeddable":true,"href":"https:\/\/ladepeche.mr\/index.php?rest_route=%2Fwp%2Fv2%2Ftags&post=8033"}],"curies":[{"name":"wp","href":"https:\/\/api.w.org\/{rel}","templated":true}]}}