{"id":8069,"date":"2023-12-19T21:00:56","date_gmt":"2023-12-19T21:00:56","guid":{"rendered":"https:\/\/ladepeche.mr\/?p=8069"},"modified":"2023-12-19T21:00:56","modified_gmt":"2023-12-19T21:00:56","slug":"le-ministre-de-leconomie-signe-un-accord-de-financement-dune-valeur-dun-1-5-milliards-avec-le-pdg-du-fonds-saoudien-pour-le-developpement","status":"publish","type":"post","link":"https:\/\/ladepeche.mr\/?p=8069","title":{"rendered":"Le ministre de l&#8217;\u00c9conomie signe un accord de financement d&#8217;une valeur d&#8217;un 1.5 milliards avec le PDG du Fonds saoudien pour le D\u00e9veloppement"},"content":{"rendered":"<p>Son Excellence le ministre de l&#8217;\u00c9conomie et du D\u00e9veloppement durable, M. Abdessalam Ould Mohamed Saleh, a sign\u00e9, ce lundi apr\u00e8s-midi lundi  \u00e0 Nouakchott, avec le PDG  du Fonds saoudien pour le D\u00e9veloppement, M. Sultan ben Abdourrahman Al Mourchid, un accord de pr\u00eat destin\u00e9 au financement du projet de construction et d&#8217;\u00e9quipement d&#8217;Instituts sp\u00e9cialis\u00e9s dans les domaines vitaux.<\/p>\n<p>La valeur de ce financement s&#8217;\u00e9l\u00e8ve \u00e0 150 millions de riyals saoudiens, soit l&#8217;\u00e9quivalent de 1 milliard 580 millions MRU.<\/p>\n<p>Dans un  mot prononc\u00e9 \u00e0  l&#8217;occasion, Son Excellence le ministre de l&#8217;\u00c9conomie et du D\u00e9veloppement durable, a d\u00e9clar\u00e9 que cet accord, sign\u00e9 aujourd&#8217;hui, vise \u00e0 soutenir le syst\u00e8me national d&#8217;enseignement sup\u00e9rieur \u00e0 travers le financement du projet de cr\u00e9ation et d&#8217;\u00e9quipement de deux instituts sp\u00e9cialis\u00e9s \u00e0 l&#8217;int\u00e9rieur du pays, le premier pour l&#8217;entrepreunariat \u00e0 Kiffa, et le second pour les sciences de l&#8217;\u00e9ducation \u00e0 Tidjikja.<br \/>\n Il a soulign\u00e9 que la cr\u00e9ation de ces deux institutions s&#8217;inscrit dans le cadre de la mise en \u0153uvre de la strat\u00e9gie nationale de l&#8217;enseignement sup\u00e9rieur, approuv\u00e9e par le Gouvernement en janvier 2023, qui s&#8217;appuie sur quatre axes principaux : am\u00e9lioration de l&#8217;acc\u00e8s \u00e0 l&#8217;enseignement sup\u00e9rieur, diversification et am\u00e9lioration des offres de formation, soutien \u00e0 la gouvernance du syst\u00e8me, soutien \u00e0 l&#8217;efficacit\u00e9 interne des institutions d&#8217;enseignement sup\u00e9rieur, et  \u00e0 la professionnalisation ainsi qu&#8217;\u00e0 l&#8217;entrepreneuriat.<br \/>\nSource Minist\u00e8re de l&#8217;\u00e9conomie et du d\u00e9veloppement durable<\/p>\n","protected":false},"excerpt":{"rendered":"<p>Son Excellence le ministre de l&#8217;\u00c9conomie et du D\u00e9veloppement durable, M. Abdessalam Ould Mohamed Saleh, a sign\u00e9, ce lundi apr\u00e8s-midi lundi \u00e0 Nouakchott, avec le PDG du Fonds saoudien pour le D\u00e9veloppement, M. Sultan ben Abdourrahman Al Mourchid, un accord de pr\u00eat destin\u00e9 au financement du projet de construction et d&#8217;\u00e9quipement d&#8217;Instituts sp\u00e9cialis\u00e9s dans les &hellip;<\/p>\n","protected":false},"author":2,"featured_media":8070,"comment_status":"open","ping_status":"open","sticky":false,"template":"","format":"standard","meta":{"footnotes":""},"categories":[18,2],"tags":[],"class_list":["post-8069","post","type-post","status-publish","format-standard","has-post-thumbnail","hentry","category-actualites","category-economie"],"_links":{"self":[{"href":"https:\/\/ladepeche.mr\/index.php?rest_route=\/wp\/v2\/posts\/8069","targetHints":{"allow":["GET"]}}],"collection":[{"href":"https:\/\/ladepeche.mr\/index.php?rest_route=\/wp\/v2\/posts"}],"about":[{"href":"https:\/\/ladepeche.mr\/index.php?rest_route=\/wp\/v2\/types\/post"}],"author":[{"embeddable":true,"href":"https:\/\/ladepeche.mr\/index.php?rest_route=\/wp\/v2\/users\/2"}],"replies":[{"embeddable":true,"href":"https:\/\/ladepeche.mr\/index.php?rest_route=%2Fwp%2Fv2%2Fcomments&post=8069"}],"version-history":[{"count":1,"href":"https:\/\/ladepeche.mr\/index.php?rest_route=\/wp\/v2\/posts\/8069\/revisions"}],"predecessor-version":[{"id":8071,"href":"https:\/\/ladepeche.mr\/index.php?rest_route=\/wp\/v2\/posts\/8069\/revisions\/8071"}],"wp:featuredmedia":[{"embeddable":true,"href":"https:\/\/ladepeche.mr\/index.php?rest_route=\/wp\/v2\/media\/8070"}],"wp:attachment":[{"href":"https:\/\/ladepeche.mr\/index.php?rest_route=%2Fwp%2Fv2%2Fmedia&parent=8069"}],"wp:term":[{"taxonomy":"category","embeddable":true,"href":"https:\/\/ladepeche.mr\/index.php?rest_route=%2Fwp%2Fv2%2Fcategories&post=8069"},{"taxonomy":"post_tag","embeddable":true,"href":"https:\/\/ladepeche.mr\/index.php?rest_route=%2Fwp%2Fv2%2Ftags&post=8069"}],"curies":[{"name":"wp","href":"https:\/\/api.w.org\/{rel}","templated":true}]}}