{"id":8072,"date":"2023-12-19T21:49:58","date_gmt":"2023-12-19T21:49:58","guid":{"rendered":"https:\/\/ladepeche.mr\/?p=8072"},"modified":"2023-12-19T22:23:33","modified_gmt":"2023-12-19T22:23:33","slug":"gaza-silence-on-massacre","status":"publish","type":"post","link":"https:\/\/ladepeche.mr\/?p=8072","title":{"rendered":"GAZA: Silence, on massacre!"},"content":{"rendered":"<p>Le monde est horrifi\u00e9 par les images de massacres contre les palestiniens que lui offre, chaque jour, l\u2019Arm\u00e9e isra\u00e9lienne. Malgr\u00e9 le rejet par l\u2019opinion publique internationale de cette violence, des gouvernements dits d\u00e9mocratiques soutiennent la folie meurtri\u00e8re isra\u00e9lienne et tentent de noyer le g\u00e9nocide \u00e0 ciel ouvert \u00e0 Gaza pour ne pas condamner l\u2019Etat h\u00e9breu. <\/p>\n<p>Plus de 18 milles personnes dont une majorit\u00e9 d\u2019enfants et de femmes ont \u00e9t\u00e9 massacr\u00e9es depuis les attaques du 7 octobre du Hamas. La volont\u00e9 d\u2019une purge ethnique a trouv\u00e9 chez l\u2019extr\u00eame droite isra\u00e9lienne, Likoud et Ultraorthodoxes et m\u00eame au-del\u00e0 dans les cercles du pouvoir en Occident, un excellent alibi avec l\u2019attaque du Hamas qui a fait mil morts parmi les isra\u00e9liens. Des sources isra\u00e9liennes dont le journal \u00abHaaretz\u00bb r\u00e9v\u00e8lent pourtant qu\u2019une bavure militaire isra\u00e9lienne qui a suivi l\u2019attaque a aggrav\u00e9 le d\u00e9compte des pertes humaines isra\u00e9liennes. Mais l\u2019attaque du Hamas a ainsi donn\u00e9 de l\u2019eau au moulin des sionistes qui dirigent le gouvernement en Isra\u00ebl pour perp\u00e9trer un g\u00e9nocide au vu et au su de l\u2019humanit\u00e9 enti\u00e8re. Quoiqu\u2019il en soit la r\u00e9action d\u2019Isra\u00ebl, non seulement, est d\u00e9mesur\u00e9e mais sert aussi un vieil objectif de l\u2019extr\u00e9misme isra\u00e9lien pour chasser les populations de Ghaza. Cette derni\u00e8re est \u00e9trangl\u00e9e depuis une quinzaine d\u2019ann\u00e9es. Soumise \u00e0 un blocus total et sans perspective d\u2019une solution politique de l\u2019occupation isra\u00e9lienne. Les occidentaux si prompts \u00e0 indexer le terrorisme du Hamas condamnent du bout des l\u00e8vres Isra\u00ebl qui n\u2019est pas \u00e0 son premier massacre des populations palestiniennes. A telle enseigne que les colonies de Peuplement de la Cisjordanie ont quadrupl\u00e9 avec l\u2019assentiment du monde dit libre.<\/p>\n<p><strong>&#8220;Israel n\u2019est pas seul&#8221; !<\/strong><br \/>\nLa cruaut\u00e9 et l\u2019ampleur de la catastrophe humaine \u00e0 Gaza a d\u00e9pass\u00e9 tous les entendements comme Israel a d\u00e9pass\u00e9 tous les codes humains et consensuels dans le droit international. Mais \u00ab Israel n\u2019est pas seul \u00bb dans cette monstruosit\u00e9 contre les civils palestiniens. M\u00eame si aucun doute n\u2019\u00e9tait permis dans le choix de son camp, l\u2019Administration Biden a encore r\u00e9affirm\u00e9 lundi par la voix de son ministre de la d\u00e9fense am\u00e9ricain, Lloyd Austin qui a d\u00e9clar\u00e9 que \u00abIsra\u00ebl n&#8217;est pas seul\u00bb, son soutien inlassable \u00e0 l&#8217;entit\u00e9 sioniste. Secret de polichinelle. Pas besoin de remonter l\u2019histoire pour comprendre que les Administrations Us se sont toujours battues aux c\u00f4t\u00e9s d\u2019Israel. C\u2019est le sens de la derni\u00e8re coalition mise en place par les USA pour contrer les actions des Houtis, \u00e0 l\u2019origine d\u2019un blocus maritime contre Isra\u00ebl.<br \/>\nLes USA, l\u2019Allemagne ou encore la France ont spontan\u00e9ment donn\u00e9 le feu-vert \u00e0 la mise \u00e0 sang de l\u2019enclave palestinienne, au nom du droit d\u2019Isra\u00ebl \u00e0 \u00ab se d\u00e9fendre \u00bb. Au nom de ce droit, les gouvernements des pays europ\u00e9ens qui manifestaient beaucoup d\u2019humanisme dans les relations internationales se sont d\u00e9partis de cette image pour foncer la t\u00eate baiss\u00e9e dans cet engrenage mortel. Il n\u2019est qu\u2019\u00e0 voir la contradiction du chef de la diplomatie europ\u00e9enne sur Al Jazeera qualifiant l\u2019attaque du Hamas de terroriste et son refus de qualifier les massacres isra\u00e9liens \u00e0 Gaza pour comprendre qu\u2019il est tenu en laisse. Certains des gouvernements de pays europ\u00e9ens comme l\u2019Allemagne -parce qu\u2019ils d\u00e9veloppement un \u00ab complexe \u00bb historique d\u2019antis\u00e9mitisme- sont quelque part accul\u00e9s par les USA \u00e0 cette posture. L\u2019opinion publique allemande reste cependant majoritairement oppos\u00e9e \u00e0 la destruction n\u00e9onazie de Gaza par une armada, soutenue, arm\u00e9e et financ\u00e9e par l\u2019Occident dans sa guerre interminable avec le monde arabe et musulman. <\/p>\n<p><strong>Chantage \u00e0 l&#8217;antis\u00e9mitisme<\/strong><br \/>\nDans la guerre de communication, l\u2019antis\u00e9mitisme, une \u00e9p\u00e9e de Damocl\u00e8s, un chantage moral, lev\u00e9 \u00e0 tout bout de champ aujourd\u2019hui par les relents du sionisme en Europe contre quiconque d\u00e9nigre la cruaut\u00e9 isra\u00e9lienne, s\u2019av\u00e8re encore plus d\u00e9sobligeante. La France offre aujourd\u2019hui le plus grand exemple de cette manipulation avec un engagement politique d\u2019une poign\u00e9e d\u2019\u00e9lus fran\u00e7ais islamophobes tels le d\u00e9put\u00e9 Habibd Meyer ou encore l\u2019avocat du sionisme Me Goldanel \u2013celui qui \u00e9tait annonc\u00e9 dans le cercle de d\u00e9fense de l\u2019ancien pr\u00e9sident Aziz. Les fran\u00e7ais comme les anglais ou encore les allemands voient certains des leurs recruter par Israel pour tuer des enfants palestiniens. Mais comme en Afrique du Sud, o\u00f9 d\u2019autres mercenaires sont recrut\u00e9s par Tsahal, des voix s\u2019\u00e9l\u00e8vent pour les d\u00e9choir de leur nationalit\u00e9. Des Ongs entendraient m\u00eame poursuivre au nom de la comp\u00e9tence universelle ceux parmi eux qui auraient port\u00e9 les armes \u00e0 Gaza.   <\/p>\n<p><strong>Les risques de radicalisation<\/strong><br \/>\nSi l\u2019opinion internationale semble majoritairement favorable aux victimes des crimes de guerre d\u2019Israel, c\u2019est-\u00e0-dire les populations civiles \u00e0 Gaza, les gouvernements occidentaux r\u00e9pondent eux \u00e0 d\u2019autres imp\u00e9ratifs inqualifiables. Il est cependant clair que la violence isra\u00e9lienne n\u2019engendrera que la violence palestinienne qui prendra toutes les formes qu\u2019elle pourra. Il est difficile, en effet, d\u2019envisager que les populations palestiniennes ne vont pas se radicaliser davantage face \u00e0 tant d\u2019injustice, de haine et de massacres contre elles avec la baraka de l\u2019Occident. Une chose au moins est s\u00fbre, si le criminel de guerre B. Netanyahou n\u2019a pas encore gagn\u00e9 la guerre contre le Hamas \u2013y parviendra-t-il d\u2019ailleurs- il aura r\u00e9ussi \u00e0 enterrer \u00ab Oslo \u00bb tout comme il aura gagn\u00e9, avec le soutien de l\u2019Occident, \u00e0 faire reculer la paix et la s\u00e9curit\u00e9 dans le monde.<br \/>\nJedna DEIDA<\/p>\n","protected":false},"excerpt":{"rendered":"<p>Le monde est horrifi\u00e9 par les images de massacres contre les palestiniens que lui offre, chaque jour, l\u2019Arm\u00e9e isra\u00e9lienne. Malgr\u00e9 le rejet par l\u2019opinion publique internationale de cette violence, des gouvernements dits d\u00e9mocratiques soutiennent la folie meurtri\u00e8re isra\u00e9lienne et tentent de noyer le g\u00e9nocide \u00e0 ciel ouvert \u00e0 Gaza pour ne pas condamner l\u2019Etat h\u00e9breu. &hellip;<\/p>\n","protected":false},"author":2,"featured_media":8019,"comment_status":"open","ping_status":"open","sticky":false,"template":"","format":"standard","meta":{"footnotes":""},"categories":[18,29],"tags":[],"class_list":["post-8072","post","type-post","status-publish","format-standard","has-post-thumbnail","hentry","category-actualites","category-monde"],"_links":{"self":[{"href":"https:\/\/ladepeche.mr\/index.php?rest_route=\/wp\/v2\/posts\/8072","targetHints":{"allow":["GET"]}}],"collection":[{"href":"https:\/\/ladepeche.mr\/index.php?rest_route=\/wp\/v2\/posts"}],"about":[{"href":"https:\/\/ladepeche.mr\/index.php?rest_route=\/wp\/v2\/types\/post"}],"author":[{"embeddable":true,"href":"https:\/\/ladepeche.mr\/index.php?rest_route=\/wp\/v2\/users\/2"}],"replies":[{"embeddable":true,"href":"https:\/\/ladepeche.mr\/index.php?rest_route=%2Fwp%2Fv2%2Fcomments&post=8072"}],"version-history":[{"count":5,"href":"https:\/\/ladepeche.mr\/index.php?rest_route=\/wp\/v2\/posts\/8072\/revisions"}],"predecessor-version":[{"id":8077,"href":"https:\/\/ladepeche.mr\/index.php?rest_route=\/wp\/v2\/posts\/8072\/revisions\/8077"}],"wp:featuredmedia":[{"embeddable":true,"href":"https:\/\/ladepeche.mr\/index.php?rest_route=\/wp\/v2\/media\/8019"}],"wp:attachment":[{"href":"https:\/\/ladepeche.mr\/index.php?rest_route=%2Fwp%2Fv2%2Fmedia&parent=8072"}],"wp:term":[{"taxonomy":"category","embeddable":true,"href":"https:\/\/ladepeche.mr\/index.php?rest_route=%2Fwp%2Fv2%2Fcategories&post=8072"},{"taxonomy":"post_tag","embeddable":true,"href":"https:\/\/ladepeche.mr\/index.php?rest_route=%2Fwp%2Fv2%2Ftags&post=8072"}],"curies":[{"name":"wp","href":"https:\/\/api.w.org\/{rel}","templated":true}]}}