{"id":8105,"date":"2023-12-24T17:02:49","date_gmt":"2023-12-24T17:02:49","guid":{"rendered":"https:\/\/ladepeche.mr\/?p=8105"},"modified":"2023-12-24T17:02:49","modified_gmt":"2023-12-24T17:02:49","slug":"lancement-du-cinquieme-recensement-general-de-la-population-et-de-lhabitat","status":"publish","type":"post","link":"https:\/\/ladepeche.mr\/?p=8105","title":{"rendered":"Lancement du cinqui\u00e8me Recensement G\u00e9n\u00e9ral de la Population et de l&#8217;Habitat"},"content":{"rendered":"<p>Son Excellence le ministre de l&#8217;\u00c9conomie et du D\u00e9veloppement Durable, pr\u00e9sident du Comit\u00e9 National du Recensement, M. Abdessalam Ould Mohamed Saleh, a lanc\u00e9 aujourd&#8217;hui, dimanche \u00e0 Nouakchott, les travaux de collecte des donn\u00e9es du cinqui\u00e8me Recensement G\u00e9n\u00e9ral de la Population et de l&#8217;Habitat, ainsi qu&#8217;une campagne de sensibilisation sur ses objectifs.<\/p>\n<p>La c\u00e9r\u00e9monie de lancement, a \u00e9t\u00e9 marqu\u00e9e par la pr\u00e9sentation de chansons et sketchs traitant  l&#8217;importance du cinqui\u00e8me recensement g\u00e9n\u00e9ral.<\/p>\n<p>Ce recensement, organis\u00e9 par l&#8217;Agence Nationale de la Statistique et de l&#8217;Analyse D\u00e9mographique et \u00c9conomique, se d\u00e9roulera du 25 d\u00e9cembre au 9 janvier, s&#8217;inscrit dans le cadre de la mise en \u0153uvre des recommandations des Nations Unies qui pr\u00e9conisent la r\u00e9alisation d&#8217;un recensement g\u00e9n\u00e9ral de la population et de l&#8217;habit tous les dix ans par les \u00c9tats membres, et intervient apr\u00e8s la r\u00e9alisation de quatre recensements pr\u00e9c\u00e9dents en 1977, 1988, 2000 et 2013.<\/p>\n<p> Le Recensement G\u00e9n\u00e9ral de la Population et de l&#8217;Habitat, qui inclut tous les r\u00e9sidents du territoire national, qu&#8217;ils soient mauritaniens ou \u00e9trangers, vise principalement \u00e0 fournir des donn\u00e9es li\u00e9es aux caract\u00e9ristiques d\u00e9mographiques et socio-\u00e9conomiques de la population et \u00e0 en faciliter l&#8217;acc\u00e8s aux usagers, ainsi qu&#8217;\u00e0 fournir les donn\u00e9es n\u00e9cessaires pour suivre les politiques li\u00e9es \u00e0 la lutte contre la pauvret\u00e9, ainsi que pour suivre les progr\u00e8s enregistr\u00e9s dans la r\u00e9alisation des objectifs de d\u00e9veloppement durable et de l&#8217;Agenda 2063 de l&#8217;Union africaine. Il  contribue \u00e9galement \u00e0 la mise en place d&#8217;un syst\u00e8me d&#8217;information statistique pr\u00e9cis qui permet de fournir les donn\u00e9es n\u00e9cessaires en temps opportun afin d&#8217;\u00e9valuer l&#8217;impact des plans suivis par les d\u00e9cideurs nationaux.<\/p>\n<p>Dans son discours d&#8217;ouverture, Son Excellence le ministre de l&#8217;\u00c9conomie et du D\u00e9veloppement Durable a soulign\u00e9 les efforts d\u00e9ploy\u00e9s par l&#8217;Agence Nationale de la Statistique et de l&#8217;Analyse D\u00e9mographique et \u00c9conomique depuis  d\u00e9but 2021, notamment la pr\u00e9paration du cadre organisationnel et directeur, l&#8217;\u00e9laboration de la m\u00e9thodologie g\u00e9n\u00e9rale et des documents techniques, la conception d&#8217;applications informatiques et de plates-formes \u00e9lectroniques, la pr\u00e9paration logistique, le recrutement et la formation du personnel sur le terrain, ainsi que la formulation et la mise en \u0153uvre d&#8217;une strat\u00e9gie de plaidoyer et de sensibilisation.<br \/>\n&#8220;Pour assurer le succ\u00e8s de cette op\u00e9ration, tous les moyens humains, logistiques et financiers n\u00e9cessaires ont \u00e9t\u00e9 mobilis\u00e9s : \u00e0 cet effet, plus de 5 000 agents de comptage ont \u00e9t\u00e9 mobilis\u00e9s, \u00e9quip\u00e9s de tablettes, apr\u00e8s avoir \u00e9t\u00e9 form\u00e9s aux techniques de collecte de donn\u00e9es&#8221;, a-t-il not\u00e9. <\/p>\n<p>Il a soulign\u00e9 l&#8217;importance d&#8217;une collaboration sinc\u00e8re avec les agents de collecte de donn\u00e9es, appelant \u00e0 fournir des informations pr\u00e9cises pour assurer le succ\u00e8s du recensement. Le ministre a \u00e9galement exhort\u00e9 les \u00e9quipes sur le terrain \u00e0 faire preuve de diligence, de pers\u00e9v\u00e9rance et \u00e0 maintenir la confidentialit\u00e9 des donn\u00e9es.<\/p>\n<p>Pour sa part, le repr\u00e9sentant r\u00e9sident du Fonds des Nations Unies pour la Population par int\u00e9rim a \u00e9voqu\u00e9 le  soutien apport\u00e9 par son institution au cinqui\u00e8me recensement, qui s&#8217;est traduit notamment par le plaidoyer pour la mobilisation de ressources, les voyages d&#8217;\u00e9tudes et la formation des cadres de l&#8217;ANSADE dans divers pays, ainsi que l&#8217;acquisition de licences pour faciliter l&#8217;utilisation des programmes dans le d\u00e9veloppement du projet et la strat\u00e9gie de communication.<\/p>\n<p>Il a salu\u00e9 l&#8217;engagement de la Mauritanie envers ce recensement d\u00e9cennal et les enqu\u00eates sociales et d\u00e9mographiques.<\/p>\n<p>De son c\u00f4t\u00e9, la repr\u00e9sentante r\u00e9sidente de la Banque mondiale en Mauritanie, Mme Djeinaba Diallo, a f\u00e9licit\u00e9 le Gouvernement mauritanien pour cette \u00e9dition semi-annuelle du recensement de la population et de l&#8217;habitat.<\/p>\n<p>Elle a indiqu\u00e9 que la Banque mondiale a accompagn\u00e9 toutes les \u00e9tapes du recensement dans sa conception, son \u00e9laboration et sa mise en \u0153uvre , soulignant  que son institution a \u00e9galement apport\u00e9 un soutien technique  \u00e0 l&#8217;ANSADE pour la cr\u00e9ation d&#8217;un syst\u00e8me cartographique num\u00e9rique, couvrant la collecte des donn\u00e9es du recensement avec un composant permettant le suivi et l&#8217;\u00e9laboration des rapports.<\/p>\n<p>Le lancement a eu lieu en pr\u00e9sence de Son Excellence le ministre de l&#8217;Int\u00e9rieur et de la D\u00e9centralisation, de Son Excellence le ministre de la Culture, de la Jeunesse, des Sports et des Relations avec le Parlement, du directeur g\u00e9n\u00e9ral de l&#8217;Agence Nationale de la Statistique et de l&#8217;Analyse D\u00e9mographique et \u00c9conomique, et de plusieurs cadres des secteurs concern\u00e9s.<\/p>\n","protected":false},"excerpt":{"rendered":"<p>Son Excellence le ministre de l&#8217;\u00c9conomie et du D\u00e9veloppement Durable, pr\u00e9sident du Comit\u00e9 National du Recensement, M. Abdessalam Ould Mohamed Saleh, a lanc\u00e9 aujourd&#8217;hui, dimanche \u00e0 Nouakchott, les travaux de collecte des donn\u00e9es du cinqui\u00e8me Recensement G\u00e9n\u00e9ral de la Population et de l&#8217;Habitat, ainsi qu&#8217;une campagne de sensibilisation sur ses objectifs. La c\u00e9r\u00e9monie de lancement, &hellip;<\/p>\n","protected":false},"author":2,"featured_media":8106,"comment_status":"open","ping_status":"open","sticky":false,"template":"","format":"standard","meta":{"footnotes":""},"categories":[18,2],"tags":[],"class_list":["post-8105","post","type-post","status-publish","format-standard","has-post-thumbnail","hentry","category-actualites","category-economie"],"_links":{"self":[{"href":"https:\/\/ladepeche.mr\/index.php?rest_route=\/wp\/v2\/posts\/8105","targetHints":{"allow":["GET"]}}],"collection":[{"href":"https:\/\/ladepeche.mr\/index.php?rest_route=\/wp\/v2\/posts"}],"about":[{"href":"https:\/\/ladepeche.mr\/index.php?rest_route=\/wp\/v2\/types\/post"}],"author":[{"embeddable":true,"href":"https:\/\/ladepeche.mr\/index.php?rest_route=\/wp\/v2\/users\/2"}],"replies":[{"embeddable":true,"href":"https:\/\/ladepeche.mr\/index.php?rest_route=%2Fwp%2Fv2%2Fcomments&post=8105"}],"version-history":[{"count":1,"href":"https:\/\/ladepeche.mr\/index.php?rest_route=\/wp\/v2\/posts\/8105\/revisions"}],"predecessor-version":[{"id":8107,"href":"https:\/\/ladepeche.mr\/index.php?rest_route=\/wp\/v2\/posts\/8105\/revisions\/8107"}],"wp:featuredmedia":[{"embeddable":true,"href":"https:\/\/ladepeche.mr\/index.php?rest_route=\/wp\/v2\/media\/8106"}],"wp:attachment":[{"href":"https:\/\/ladepeche.mr\/index.php?rest_route=%2Fwp%2Fv2%2Fmedia&parent=8105"}],"wp:term":[{"taxonomy":"category","embeddable":true,"href":"https:\/\/ladepeche.mr\/index.php?rest_route=%2Fwp%2Fv2%2Fcategories&post=8105"},{"taxonomy":"post_tag","embeddable":true,"href":"https:\/\/ladepeche.mr\/index.php?rest_route=%2Fwp%2Fv2%2Ftags&post=8105"}],"curies":[{"name":"wp","href":"https:\/\/api.w.org\/{rel}","templated":true}]}}