{"id":8108,"date":"2023-12-24T17:24:23","date_gmt":"2023-12-24T17:24:23","guid":{"rendered":"https:\/\/ladepeche.mr\/?p=8108"},"modified":"2023-12-24T17:33:51","modified_gmt":"2023-12-24T17:33:51","slug":"tourisme-le-charter-inaugural-atterrit-a-atar","status":"publish","type":"post","link":"https:\/\/ladepeche.mr\/?p=8108","title":{"rendered":"Saison touristique2024 : Le charter inaugural atterrit \u00e0 Atar"},"content":{"rendered":"<p>Un premier charter transportant \u00e0 bord 129 passagers, principalement des fran\u00e7ais, a atterri samedi sur le tarmac de l\u2019a\u00e9roport d\u2019Atar marquant l\u2019ouverture de la saison touristique dans cette r\u00e9gion nord de la Mauritanie.<br \/>\nOnze autres vols charters en provenance de France sont encore attendus dans les prochains jours dans l\u2019Adrar.<br \/>\nRiche par ses villes touristiques et antiques, sa dimension culturelle, ses oasis et son ainsi que sa population accueillante, la r\u00e9gion de l\u2019Adrar et notamment ses villes, Ouadane, Chinghiti ou encore Azoughi exerce une v\u00e9ritable attraction sur les touristes.<br \/>\nL\u2019activit\u00e9 touristique quoique limit\u00e9e dans le temps, co\u00efncidant aussi avec la p\u00e9riode des vacances hivernales en Europe, est source de recettes pour les populations locales. Les tours op\u00e9rateurs \u00e9trangers qui organisent les voyages depuis l\u2019Europe, la France notamment, y gagnent aussi quelques ristournes.<br \/>\nL\u2019arriv\u00e9e des touristes s\u2019accompagne, en effet, pendant cette p\u00e9riode par un relent d\u2019activisme des diff\u00e9rentes structures d\u2019accueil, de transport et de restauration dans les diff\u00e9rentes villes.<br \/>\nA noter cependant le manque d\u2019innovation et surtout la stagnation de ce secteur dont la promotion a \u00e9t\u00e9 inaugur\u00e9e depuis des lustres avec le soutien de la Snim.<\/p>\n","protected":false},"excerpt":{"rendered":"<p>Un premier charter transportant \u00e0 bord 129 passagers, principalement des fran\u00e7ais, a atterri samedi sur le tarmac de l\u2019a\u00e9roport d\u2019Atar marquant l\u2019ouverture de la saison touristique dans cette r\u00e9gion nord de la Mauritanie. Onze autres vols charters en provenance de France sont encore attendus dans les prochains jours dans l\u2019Adrar. Riche par ses villes touristiques &hellip;<\/p>\n","protected":false},"author":2,"featured_media":8109,"comment_status":"open","ping_status":"open","sticky":false,"template":"","format":"standard","meta":{"footnotes":""},"categories":[18,15,2],"tags":[],"class_list":["post-8108","post","type-post","status-publish","format-standard","has-post-thumbnail","hentry","category-actualites","category-culture","category-economie"],"_links":{"self":[{"href":"https:\/\/ladepeche.mr\/index.php?rest_route=\/wp\/v2\/posts\/8108","targetHints":{"allow":["GET"]}}],"collection":[{"href":"https:\/\/ladepeche.mr\/index.php?rest_route=\/wp\/v2\/posts"}],"about":[{"href":"https:\/\/ladepeche.mr\/index.php?rest_route=\/wp\/v2\/types\/post"}],"author":[{"embeddable":true,"href":"https:\/\/ladepeche.mr\/index.php?rest_route=\/wp\/v2\/users\/2"}],"replies":[{"embeddable":true,"href":"https:\/\/ladepeche.mr\/index.php?rest_route=%2Fwp%2Fv2%2Fcomments&post=8108"}],"version-history":[{"count":3,"href":"https:\/\/ladepeche.mr\/index.php?rest_route=\/wp\/v2\/posts\/8108\/revisions"}],"predecessor-version":[{"id":8112,"href":"https:\/\/ladepeche.mr\/index.php?rest_route=\/wp\/v2\/posts\/8108\/revisions\/8112"}],"wp:featuredmedia":[{"embeddable":true,"href":"https:\/\/ladepeche.mr\/index.php?rest_route=\/wp\/v2\/media\/8109"}],"wp:attachment":[{"href":"https:\/\/ladepeche.mr\/index.php?rest_route=%2Fwp%2Fv2%2Fmedia&parent=8108"}],"wp:term":[{"taxonomy":"category","embeddable":true,"href":"https:\/\/ladepeche.mr\/index.php?rest_route=%2Fwp%2Fv2%2Fcategories&post=8108"},{"taxonomy":"post_tag","embeddable":true,"href":"https:\/\/ladepeche.mr\/index.php?rest_route=%2Fwp%2Fv2%2Ftags&post=8108"}],"curies":[{"name":"wp","href":"https:\/\/api.w.org\/{rel}","templated":true}]}}