{"id":8114,"date":"2023-12-24T20:34:51","date_gmt":"2023-12-24T20:34:51","guid":{"rendered":"https:\/\/ladepeche.mr\/?p=8114"},"modified":"2023-12-24T20:35:47","modified_gmt":"2023-12-24T20:35:47","slug":"sahel-hassen-ag-fagaga-neutralise-par-larmee-malienne","status":"publish","type":"post","link":"https:\/\/ladepeche.mr\/?p=8114","title":{"rendered":"Sahel: Hassane Ag Fagaga neutralis\u00e9 par l\u2019arm\u00e9e malienne"},"content":{"rendered":"<p>Au Mali , une figure embl\u00e9matique de la r\u00e9bellion au Nord a \u00e9t\u00e9 neutralis\u00e9e par une frappe de drone des Forces arm\u00e9es \u00e0 Tin-Zaouatene, pr\u00e8s de la fronti\u00e8re alg\u00e9rienne.<\/p>\n<p>Naissance \u00e0 Kidal, bastion et berceau des rebellions<\/p>\n<p>Hassane Ag Fagaga est n\u00e9 dans les ann\u00e9es 60 \u00e0 Kidal. A cette \u00e9poque, cette ville situ\u00e9e \u00e0 1500 Km au nord de #Bamako, servait de bagne dans la jeune R\u00e9publique pr\u00e9sid\u00e9e par Modibo Keita.<\/p>\n<p>Il est membre de la tribu des Ifoghas. Cette communaut\u00e9 est l\u2019une des composantes de la grande communaut\u00e9 Touareg. Les Ifoghas sont les d\u00e9tenteurs traditionnels de la chefferie. La tribu des imghad est une composante importante des touareg \u00e9galement. L\u2019actuel Gouverneur de #Kidal, le G\u00e9n\u00e9ral de Division Elhadji Ag Gamou, est issu de cette tribu.<\/p>\n<p>Leader du MPA (Mouvement Populaire de l\u2019Azawad) d\u2019Iyad Ag Ghali<\/p>\n<p>Le 29 juin 1990, une nouvelle r\u00e9bellion \u00e9clate au Nord du Mali avec l\u2019attaque d\u2019un poste de police \u00e0 #M\u00e9naka. Cette attaque est revendiqu\u00e9e par le MPLA (Mouvement populaire de lib\u00e9ration de l&#8217;Azawad)\u00a0: C\u2019est le d\u00e9but de la deuxi\u00e8me r\u00e9bellion du #Mali apr\u00e8s celle des ann\u00e9es 60. C\u2019est dans ce mouvement qu\u2019Hassane Ag Fagaga a fait ses premiers pas.<\/p>\n<p>En 1991, les bellig\u00e9rants font la paix avec les accords de Tamanrasset et le MPA remplace le MPLA.<\/p>\n<p>Colonel de l\u2019Arm\u00e9e mais Rebelle un jour, Rebelle toujours<\/p>\n<p>Hassane Ag Fagaga a \u00e9t\u00e9 recrut\u00e9 en tant que commandant dans les forces arm\u00e9es maliennes apr\u00e8s la signature des accords de paix. Une arm\u00e9e qu\u2019il desserte en 2006 pour une nouvelle r\u00e9bellion avec Ibrahim Ag Bahanga.<\/p>\n<p>En 2012, Le colonel Fagaga r\u00e9apparait dans les rangs du MNLA (Mouvement national de lib\u00e9ration de l\u2019Azawad) qui a chass\u00e9 l\u2019Arm\u00e9e malienne des r\u00e9gions du Nord avec d\u2019autres groupes terroristes et ind\u00e9pendantistes.<\/p>\n<p>S\u00e9rie de frappes de drones \u00e0 Tin-Zaouatene<\/p>\n<p>Le 22 d\u00e9cembre 2023, dans un communiqu\u00e9 une partie des mouvements signataires de l\u2019accord d\u2019#Alger regroup\u00e9 au sein du #CSP-PSD annonce sa mort par une frappe de drone de l\u2019Arm\u00e9e malienne.<br \/>\nL\u2019Accent<br \/>\nSources : Communiqu\u00e9s FAMa et CSP-PSD, Podcast RFI &#8220;Mali, l&#8217;histoire d&#8217;une crise&#8221;, Jeune Afrique<\/p>\n","protected":false},"excerpt":{"rendered":"<p>Au Mali , une figure embl\u00e9matique de la r\u00e9bellion au Nord a \u00e9t\u00e9 neutralis\u00e9e par une frappe de drone des Forces arm\u00e9es \u00e0 Tin-Zaouatene, pr\u00e8s de la fronti\u00e8re alg\u00e9rienne. Naissance \u00e0 Kidal, bastion et berceau des rebellions Hassane Ag Fagaga est n\u00e9 dans les ann\u00e9es 60 \u00e0 Kidal. A cette \u00e9poque, cette ville situ\u00e9e \u00e0 &hellip;<\/p>\n","protected":false},"author":2,"featured_media":8115,"comment_status":"open","ping_status":"open","sticky":false,"template":"","format":"standard","meta":{"footnotes":""},"categories":[18,29,28],"tags":[],"class_list":["post-8114","post","type-post","status-publish","format-standard","has-post-thumbnail","hentry","category-actualites","category-monde","category-sahel"],"_links":{"self":[{"href":"https:\/\/ladepeche.mr\/index.php?rest_route=\/wp\/v2\/posts\/8114","targetHints":{"allow":["GET"]}}],"collection":[{"href":"https:\/\/ladepeche.mr\/index.php?rest_route=\/wp\/v2\/posts"}],"about":[{"href":"https:\/\/ladepeche.mr\/index.php?rest_route=\/wp\/v2\/types\/post"}],"author":[{"embeddable":true,"href":"https:\/\/ladepeche.mr\/index.php?rest_route=\/wp\/v2\/users\/2"}],"replies":[{"embeddable":true,"href":"https:\/\/ladepeche.mr\/index.php?rest_route=%2Fwp%2Fv2%2Fcomments&post=8114"}],"version-history":[{"count":2,"href":"https:\/\/ladepeche.mr\/index.php?rest_route=\/wp\/v2\/posts\/8114\/revisions"}],"predecessor-version":[{"id":8117,"href":"https:\/\/ladepeche.mr\/index.php?rest_route=\/wp\/v2\/posts\/8114\/revisions\/8117"}],"wp:featuredmedia":[{"embeddable":true,"href":"https:\/\/ladepeche.mr\/index.php?rest_route=\/wp\/v2\/media\/8115"}],"wp:attachment":[{"href":"https:\/\/ladepeche.mr\/index.php?rest_route=%2Fwp%2Fv2%2Fmedia&parent=8114"}],"wp:term":[{"taxonomy":"category","embeddable":true,"href":"https:\/\/ladepeche.mr\/index.php?rest_route=%2Fwp%2Fv2%2Fcategories&post=8114"},{"taxonomy":"post_tag","embeddable":true,"href":"https:\/\/ladepeche.mr\/index.php?rest_route=%2Fwp%2Fv2%2Ftags&post=8114"}],"curies":[{"name":"wp","href":"https:\/\/api.w.org\/{rel}","templated":true}]}}