{"id":8120,"date":"2023-12-27T15:03:17","date_gmt":"2023-12-27T15:03:17","guid":{"rendered":"https:\/\/ladepeche.mr\/?p=8120"},"modified":"2023-12-27T15:03:18","modified_gmt":"2023-12-27T15:03:18","slug":"rgph-le-corps-diplomatique-sensibilise","status":"publish","type":"post","link":"https:\/\/ladepeche.mr\/?p=8120","title":{"rendered":"RGPH: le corps diplomatique sensibilis\u00e9"},"content":{"rendered":"<p>Le secr\u00e9taire g\u00e9n\u00e9ral du minist\u00e8re de l&#8217;Economie et du D\u00e9veloppement durable, M. Yacoub Ould Ahmed Aicha, accompagn\u00e9 de la secr\u00e9taire g\u00e9n\u00e9rale du minist\u00e8re des Affaires \u00e9trang\u00e8res, de la Coop\u00e9ration et des Mauritaniens de l&#8217;Ext\u00e9rieur , Mme Aliya Mint Meknouss, a tenu aujourd&#8217;hui mercredi \u00e0 Nouakchott , une rencontre avec certains membres du corps diplomatique en Mauritanie dans le but de les sensibiliser \u00e0 l&#8217;op\u00e9ration du cinqui\u00e8me Recensement G\u00e9n\u00e9ral  de la Population et de l&#8217;Habitat.<\/p>\n<p> Au cours de la rencontre, des sketchs traitant l&#8217;importance du recensement et  la mani\u00e8re d&#8217;y contribuer, ont \u00e9t\u00e9 pr\u00e9sent\u00e9s. <\/p>\n<p> Le directeur g\u00e9n\u00e9ral de l&#8217;Agence nationale de la Statistique, de l&#8217;Analyse d\u00e9mographique et \u00e9conomique, M. Mohamed El Mokhtar Ahmed Sidi, a expliqu\u00e9 que cette journ\u00e9e a pour objectif la sensibilisation des ambassadeurs et repr\u00e9sentants des organisations internationales en Mauritanie, afin de sensibiliser les communaut\u00e9s \u00e9trang\u00e8res r\u00e9sidant en Mauritanie au lancement du cinqui\u00e8me Recensement g\u00e9n\u00e9ral de la Population et de l&#8217;Habitat organis\u00e9 par la Mauritanie.<\/p>\n<p> Il a indiqu\u00e9 que le r\u00f4le des diplomates est d&#8217;informer les r\u00e9sidents \u00e0  cette op\u00e9ration afin de faciliter l&#8217;accueil  des recenseurs et de fournir les informations pr\u00e9cises, qui seront gard\u00e9es confidentielles, indiquant que le succ\u00e8s de l&#8217;op\u00e9ration n\u00e9cessite les efforts conjugu\u00e9s de tous pour en faire un succ\u00e8s.<\/p>\n<p> Il a \u00e9galement soulign\u00e9 que l&#8217;objectif g\u00e9n\u00e9ral du processus de collecte du recensement est de mettre en place une base de donn\u00e9es d\u00e9taill\u00e9e.<\/p>\n","protected":false},"excerpt":{"rendered":"<p>Le secr\u00e9taire g\u00e9n\u00e9ral du minist\u00e8re de l&#8217;Economie et du D\u00e9veloppement durable, M. Yacoub Ould Ahmed Aicha, accompagn\u00e9 de la secr\u00e9taire g\u00e9n\u00e9rale du minist\u00e8re des Affaires \u00e9trang\u00e8res, de la Coop\u00e9ration et des Mauritaniens de l&#8217;Ext\u00e9rieur , Mme Aliya Mint Meknouss, a tenu aujourd&#8217;hui mercredi \u00e0 Nouakchott , une rencontre avec certains membres du corps diplomatique en &hellip;<\/p>\n","protected":false},"author":2,"featured_media":0,"comment_status":"open","ping_status":"open","sticky":false,"template":"","format":"standard","meta":{"footnotes":""},"categories":[18],"tags":[],"class_list":["post-8120","post","type-post","status-publish","format-standard","hentry","category-actualites"],"_links":{"self":[{"href":"https:\/\/ladepeche.mr\/index.php?rest_route=\/wp\/v2\/posts\/8120","targetHints":{"allow":["GET"]}}],"collection":[{"href":"https:\/\/ladepeche.mr\/index.php?rest_route=\/wp\/v2\/posts"}],"about":[{"href":"https:\/\/ladepeche.mr\/index.php?rest_route=\/wp\/v2\/types\/post"}],"author":[{"embeddable":true,"href":"https:\/\/ladepeche.mr\/index.php?rest_route=\/wp\/v2\/users\/2"}],"replies":[{"embeddable":true,"href":"https:\/\/ladepeche.mr\/index.php?rest_route=%2Fwp%2Fv2%2Fcomments&post=8120"}],"version-history":[{"count":1,"href":"https:\/\/ladepeche.mr\/index.php?rest_route=\/wp\/v2\/posts\/8120\/revisions"}],"predecessor-version":[{"id":8121,"href":"https:\/\/ladepeche.mr\/index.php?rest_route=\/wp\/v2\/posts\/8120\/revisions\/8121"}],"wp:attachment":[{"href":"https:\/\/ladepeche.mr\/index.php?rest_route=%2Fwp%2Fv2%2Fmedia&parent=8120"}],"wp:term":[{"taxonomy":"category","embeddable":true,"href":"https:\/\/ladepeche.mr\/index.php?rest_route=%2Fwp%2Fv2%2Fcategories&post=8120"},{"taxonomy":"post_tag","embeddable":true,"href":"https:\/\/ladepeche.mr\/index.php?rest_route=%2Fwp%2Fv2%2Ftags&post=8120"}],"curies":[{"name":"wp","href":"https:\/\/api.w.org\/{rel}","templated":true}]}}