{"id":8129,"date":"2023-12-28T00:56:53","date_gmt":"2023-12-28T00:56:53","guid":{"rendered":"https:\/\/ladepeche.mr\/?p=8129"},"modified":"2023-12-28T00:56:53","modified_gmt":"2023-12-28T00:56:53","slug":"mauritanie-la-date-de-tenue-des-presidentielles-2024-annoncee","status":"publish","type":"post","link":"https:\/\/ladepeche.mr\/?p=8129","title":{"rendered":"Mauritanie : la date de tenue des pr\u00e9sidentielles 2024 annonc\u00e9e"},"content":{"rendered":"<p>La Commission Electorale Nationale Ind\u00e9pendante (CENI) a fix\u00e9 la date des prochaines \u00e9lections pr\u00e9sidentielles au samedi 22 juin 2024<\/p>\n<p>La CENI a pass\u00e9 en revue dans un post publi\u00e9 ce mercredi sur sa page Facebook, son plan relatif \u00e0 la signature de march\u00e9s s\u2019inscrivant dans le cadre de l\u2019organisation des pr\u00e9sidentielles 2024. Elle a soulign\u00e9 \u00e0 ce sujet avoir mobilis\u00e9 246 millions d&#8217;anciens ouguiyas pour acqu\u00e9rir des cartes d&#8217;\u00e9lecteurs pour les deux scrutins de ces consultations. <\/p>\n<p>211 millions ouguiyas anciennes seront orient\u00e9s vers l\u2019acquisition du mat\u00e9riel \u00e9lectoral et 60 millions pour les documents, indique la Commission.<\/p>\n<p>Un montant de 187,2 millions d&#8217;ouguiyas sera affect\u00e9 \u00e0 la location de voitures pour ses agences r\u00e9gionales et locales, indique la CENI et 93,6 millions d&#8217;ouguiyas \u00e0 la location de voitures pour le Recensement Administratif \u00e0 Vocation Electoral (RAVEL), pour lequel un montant de 152 millions ouguiyas a \u00e9t\u00e9 allou\u00e9.<br \/>\nEssahraa via cridem <\/p>\n","protected":false},"excerpt":{"rendered":"<p>La Commission Electorale Nationale Ind\u00e9pendante (CENI) a fix\u00e9 la date des prochaines \u00e9lections pr\u00e9sidentielles au samedi 22 juin 2024 La CENI a pass\u00e9 en revue dans un post publi\u00e9 ce mercredi sur sa page Facebook, son plan relatif \u00e0 la signature de march\u00e9s s\u2019inscrivant dans le cadre de l\u2019organisation des pr\u00e9sidentielles 2024. Elle a soulign\u00e9 &hellip;<\/p>\n","protected":false},"author":2,"featured_media":0,"comment_status":"open","ping_status":"open","sticky":false,"template":"","format":"standard","meta":{"footnotes":""},"categories":[18,31],"tags":[],"class_list":["post-8129","post","type-post","status-publish","format-standard","hentry","category-actualites","category-politique-et-reportages"],"_links":{"self":[{"href":"https:\/\/ladepeche.mr\/index.php?rest_route=\/wp\/v2\/posts\/8129","targetHints":{"allow":["GET"]}}],"collection":[{"href":"https:\/\/ladepeche.mr\/index.php?rest_route=\/wp\/v2\/posts"}],"about":[{"href":"https:\/\/ladepeche.mr\/index.php?rest_route=\/wp\/v2\/types\/post"}],"author":[{"embeddable":true,"href":"https:\/\/ladepeche.mr\/index.php?rest_route=\/wp\/v2\/users\/2"}],"replies":[{"embeddable":true,"href":"https:\/\/ladepeche.mr\/index.php?rest_route=%2Fwp%2Fv2%2Fcomments&post=8129"}],"version-history":[{"count":1,"href":"https:\/\/ladepeche.mr\/index.php?rest_route=\/wp\/v2\/posts\/8129\/revisions"}],"predecessor-version":[{"id":8130,"href":"https:\/\/ladepeche.mr\/index.php?rest_route=\/wp\/v2\/posts\/8129\/revisions\/8130"}],"wp:attachment":[{"href":"https:\/\/ladepeche.mr\/index.php?rest_route=%2Fwp%2Fv2%2Fmedia&parent=8129"}],"wp:term":[{"taxonomy":"category","embeddable":true,"href":"https:\/\/ladepeche.mr\/index.php?rest_route=%2Fwp%2Fv2%2Fcategories&post=8129"},{"taxonomy":"post_tag","embeddable":true,"href":"https:\/\/ladepeche.mr\/index.php?rest_route=%2Fwp%2Fv2%2Ftags&post=8129"}],"curies":[{"name":"wp","href":"https:\/\/api.w.org\/{rel}","templated":true}]}}