{"id":8131,"date":"2023-12-28T01:08:49","date_gmt":"2023-12-28T01:08:49","guid":{"rendered":"https:\/\/ladepeche.mr\/?p=8131"},"modified":"2023-12-28T01:08:49","modified_gmt":"2023-12-28T01:08:49","slug":"le-president-ghazouani-procede-a-des-nominations-a-la-tete-de-la-police-de-larmee-de-lair-et-de-la-marine","status":"publish","type":"post","link":"https:\/\/ladepeche.mr\/?p=8131","title":{"rendered":"Le pr\u00e9sident Ghazouani proc\u00e8de \u00e0 des nominations \u00e0 la t\u00eate de la police, de l\u2019arm\u00e9e de l\u2019air et de la Marine"},"content":{"rendered":"<p> Ce mercredi 27 d\u00e9cembre, dans la soir\u00e9e, le pr\u00e9sident de la R\u00e9publique, Mohamed Ould Cheikh El Ghazouani, a proc\u00e9d\u00e9 \u00e0 des nominations au sein de l\u2019arm\u00e9e et de la police nationale.<\/p>\n<p>Ainsi, le g\u00e9n\u00e9ral de division Mohamed Cheikh Ould Mohamed Lemine a \u00e9t\u00e9 nomm\u00e9 directeur g\u00e9n\u00e9ral de la s\u00fbret\u00e9 nationale, indique un communiqu\u00e9 de la pr\u00e9sidence de la R\u00e9publique. Il remplace le G\u00e9n\u00e9ral de division Mesgharou Ould Sidi, admis \u00e0 la retraite. <\/p>\n<p>Le g\u00e9n\u00e9ral de division Mohamed Ould Cheikh Ould Boyda devient, lui, le chef d\u2019\u00e9tat-major de l\u2019arm\u00e9e de l\u2019air. Quant au g\u00e9n\u00e9ral de division Mohamed Vall Rais, il a \u00e9t\u00e9 nomm\u00e9 chef d\u2019\u00e9tat-major g\u00e9n\u00e9ral adjoint des arm\u00e9es.<\/p>\n<p>Le g\u00e9n\u00e9ral de division Mohamed Ould Lehreitani a \u00e9t\u00e9 nomm\u00e9 chef d\u2019\u00e9tat-major de la Garde nationale. Le num\u00e9ro 2 de la Garde nationale devient le colonel Ahmed Ould Tachfine.<\/p>\n<p>A la Marine nationale, le pr\u00e9sident Ghazouani a d\u00e9sign\u00e9 le contre-amiral Ahmed Sa\u00efd Benaouf qui en devient le chef d\u2019\u00e9tat-major. De son c\u00f4t\u00e9, le g\u00e9n\u00e9ral de division Abbe Ould Babetti est nomm\u00e9 commandant du Coll\u00e8ge de d\u00e9fense.<\/p>\n<p>Le g\u00e9n\u00e9ral de division Ely Zayed Ould Mbarek a \u00e9t\u00e9 nomm\u00e9 inspecteur g\u00e9n\u00e9ral des forces arm\u00e9es et des forces de s\u00e9curit\u00e9.<\/p>\n<p>Pour rappel, ces nominations interviennent trois jours apr\u00e8s le d\u00e9part \u00e0 la retraite 7 officiers sup\u00e9rieurs haut grad\u00e9s de l\u2019arm\u00e9e nationale apr\u00e8s plus de 40 ans de service.<\/p>\n<p>Cridem<\/p>\n","protected":false},"excerpt":{"rendered":"<p>Ce mercredi 27 d\u00e9cembre, dans la soir\u00e9e, le pr\u00e9sident de la R\u00e9publique, Mohamed Ould Cheikh El Ghazouani, a proc\u00e9d\u00e9 \u00e0 des nominations au sein de l\u2019arm\u00e9e et de la police nationale. Ainsi, le g\u00e9n\u00e9ral de division Mohamed Cheikh Ould Mohamed Lemine a \u00e9t\u00e9 nomm\u00e9 directeur g\u00e9n\u00e9ral de la s\u00fbret\u00e9 nationale, indique un communiqu\u00e9 de la &hellip;<\/p>\n","protected":false},"author":2,"featured_media":0,"comment_status":"open","ping_status":"open","sticky":false,"template":"","format":"standard","meta":{"footnotes":""},"categories":[18],"tags":[],"class_list":["post-8131","post","type-post","status-publish","format-standard","hentry","category-actualites"],"_links":{"self":[{"href":"https:\/\/ladepeche.mr\/index.php?rest_route=\/wp\/v2\/posts\/8131","targetHints":{"allow":["GET"]}}],"collection":[{"href":"https:\/\/ladepeche.mr\/index.php?rest_route=\/wp\/v2\/posts"}],"about":[{"href":"https:\/\/ladepeche.mr\/index.php?rest_route=\/wp\/v2\/types\/post"}],"author":[{"embeddable":true,"href":"https:\/\/ladepeche.mr\/index.php?rest_route=\/wp\/v2\/users\/2"}],"replies":[{"embeddable":true,"href":"https:\/\/ladepeche.mr\/index.php?rest_route=%2Fwp%2Fv2%2Fcomments&post=8131"}],"version-history":[{"count":1,"href":"https:\/\/ladepeche.mr\/index.php?rest_route=\/wp\/v2\/posts\/8131\/revisions"}],"predecessor-version":[{"id":8132,"href":"https:\/\/ladepeche.mr\/index.php?rest_route=\/wp\/v2\/posts\/8131\/revisions\/8132"}],"wp:attachment":[{"href":"https:\/\/ladepeche.mr\/index.php?rest_route=%2Fwp%2Fv2%2Fmedia&parent=8131"}],"wp:term":[{"taxonomy":"category","embeddable":true,"href":"https:\/\/ladepeche.mr\/index.php?rest_route=%2Fwp%2Fv2%2Fcategories&post=8131"},{"taxonomy":"post_tag","embeddable":true,"href":"https:\/\/ladepeche.mr\/index.php?rest_route=%2Fwp%2Fv2%2Ftags&post=8131"}],"curies":[{"name":"wp","href":"https:\/\/api.w.org\/{rel}","templated":true}]}}