{"id":8146,"date":"2023-12-29T13:36:58","date_gmt":"2023-12-29T13:36:58","guid":{"rendered":"https:\/\/ladepeche.mr\/?p=8146"},"modified":"2023-12-29T13:36:58","modified_gmt":"2023-12-29T13:36:58","slug":"le-president-de-la-republique-supervise-la-pose-de-la-1ere-pierre-de-la-route-monguel-sawata-sawata-barkeol","status":"publish","type":"post","link":"https:\/\/ladepeche.mr\/?p=8146","title":{"rendered":"Le Pr\u00e9sident de la R\u00e9publique supervise la pose de la 1\u00e8re pierre de la route Monguel-Sawata, Sawata \u2013 Bark\u00e9ol"},"content":{"rendered":"<p>Son Excellence le Pr\u00e9sident de la R\u00e9publique, M. Mohamed Ould Cheikh El Ghazouani, a supervis\u00e9, jeudi soir dans la moughataa de Monguel, la pose de la premi\u00e8re pierre de l\u2019axe Monguel-Sawata et Sawata-Bark\u00e9ol, dans le cadre des c\u00e9l\u00e9brations du 63\u00e8me anniversaire de l\u2019Ind\u00e9pendance Nationale.<\/p>\n<p>Cette route vient d\u00e9senclaver la zone de l\u2019Aftout en r\u00e9alisant deux axes routiers : l\u2019axe Monguel \u2013 Sawata d\u2019une longueur de 47 km, et l\u2019axe Sawata \u2013 El Bourat \u2013 Al-Ghabra \u2013 Boulahrath \u2013 Bark\u00e9ol d\u2019une longueur de 76 km.<\/p>\n<p>L\u2019ach\u00e8vement de cette route co\u00fbtera une enveloppe financi\u00e8re d\u2019environ (18) milliards d\u2019ouguiyas anciennes, et sera r\u00e9alis\u00e9e par le g\u00e9nie militaire dans un d\u00e9lai de 38 mois sous la supervision directe de la Direction des travaux d\u2019infrastructure du minist\u00e8re.<\/p>\n<p>Apr\u00e8s la pose de la premi\u00e8re pierre et l\u2019enl\u00e8vement de la plaque comm\u00e9morative, Son Excellence Monsieur le Pr\u00e9sident de la R\u00e9publique a re\u00e7u des explications sur les proc\u00e9d\u00e9s techniques suivis dans la construction de cette route, et les m\u00e9thodes de contr\u00f4le qui seront appliqu\u00e9es afin de la construire conform\u00e9ment aux conditions stipul\u00e9es dans le cahier des charges.<\/p>\n<p>Cette route sera le poumon de zones autrefois enclav\u00e9es du pays, caract\u00e9ris\u00e9es toutefois par une grande densit\u00e9 de population. Elle relie ainsi le Sud et l\u2019Est du pays et traverse des zones qui connaissent des pr\u00e9cipitations importantes et abritent des oueds qui entravent la fluidit\u00e9 du trafic routier en p\u00e9riode d\u2019hivernage.<br \/>\nDans son allocution prononc\u00e9e \u00e0 cette occasion, le ministre de l\u2019\u00c9quipement et des Transports, M. Mohamed Ali Ould Sidi Mohamed, a expliqu\u00e9 que l\u2019inauguration aujourd\u2019hui de cette route entre trois wilayas est la concr\u00e9tisation d\u2019un r\u00eave que les habitants de ces wilayas n\u2019ont cess\u00e9 de caresser depuis des d\u00e9cennies, et repr\u00e9sente un pont de communication facilitant la circulation entre et \u00e0 travers ces 3 wilayas vers toutes les r\u00e9gions du pays.<\/p>\n<p>Pour sa part, l\u2019adjoint au maire de la commune de Monguel, M. Hamid Ould Horma Ould Abeidi, a expliqu\u00e9 que cette route va transformer radicalement la vie des habitants de la moughataa et des zones environnantes et jouera un r\u00f4le majeur dans la vie \u00e9conomique et commerciale. Il s\u2019agit, dit- il, d\u2019un facteur important de d\u00e9veloppement et de d\u00e9senclavement dans le triangle de l\u2019espoir et des villages de Lagueilatt.<\/p>\n<p>Il a soulign\u00e9 que les r\u00e9alisations accomplies par Son Excellence Monsieur le Pr\u00e9sident de la R\u00e9publique commande de notre part de lui demander de briguer un second mandat pour parachever les grandes r\u00e9alisations et les m\u00e9ga projets qu\u2019il a initi\u00e9s.<\/p>\n<p>La c\u00e9r\u00e9monie de pose de la 1\u00e8re pierre s\u2019est d\u00e9roul\u00e9e en pr\u00e9sence du wali du Gorgol, du ministre en charge du Cabinet de la Pr\u00e9sidence de la R\u00e9publique, du ministre conseiller de la Pr\u00e9sidence de la R\u00e9publique, des ministres de la Transformation Num\u00e9rique, de l\u2019Innovation et de la Modernisation de l\u2019Administration, du P\u00e9trole, des Mines et de l\u2019\u00c9nergie, du pr\u00e9sident du Conseil R\u00e9gional du Gorgol, du hakem de la moughataa de Monguel, des \u00e9lus locaux et d\u2019autres responsables de la wilaya.<br \/>\nAmi<\/p>\n","protected":false},"excerpt":{"rendered":"<p>Son Excellence le Pr\u00e9sident de la R\u00e9publique, M. Mohamed Ould Cheikh El Ghazouani, a supervis\u00e9, jeudi soir dans la moughataa de Monguel, la pose de la premi\u00e8re pierre de l\u2019axe Monguel-Sawata et Sawata-Bark\u00e9ol, dans le cadre des c\u00e9l\u00e9brations du 63\u00e8me anniversaire de l\u2019Ind\u00e9pendance Nationale. Cette route vient d\u00e9senclaver la zone de l\u2019Aftout en r\u00e9alisant deux &hellip;<\/p>\n","protected":false},"author":2,"featured_media":8147,"comment_status":"open","ping_status":"open","sticky":false,"template":"","format":"standard","meta":{"footnotes":""},"categories":[18],"tags":[],"class_list":["post-8146","post","type-post","status-publish","format-standard","has-post-thumbnail","hentry","category-actualites"],"_links":{"self":[{"href":"https:\/\/ladepeche.mr\/index.php?rest_route=\/wp\/v2\/posts\/8146","targetHints":{"allow":["GET"]}}],"collection":[{"href":"https:\/\/ladepeche.mr\/index.php?rest_route=\/wp\/v2\/posts"}],"about":[{"href":"https:\/\/ladepeche.mr\/index.php?rest_route=\/wp\/v2\/types\/post"}],"author":[{"embeddable":true,"href":"https:\/\/ladepeche.mr\/index.php?rest_route=\/wp\/v2\/users\/2"}],"replies":[{"embeddable":true,"href":"https:\/\/ladepeche.mr\/index.php?rest_route=%2Fwp%2Fv2%2Fcomments&post=8146"}],"version-history":[{"count":1,"href":"https:\/\/ladepeche.mr\/index.php?rest_route=\/wp\/v2\/posts\/8146\/revisions"}],"predecessor-version":[{"id":8148,"href":"https:\/\/ladepeche.mr\/index.php?rest_route=\/wp\/v2\/posts\/8146\/revisions\/8148"}],"wp:featuredmedia":[{"embeddable":true,"href":"https:\/\/ladepeche.mr\/index.php?rest_route=\/wp\/v2\/media\/8147"}],"wp:attachment":[{"href":"https:\/\/ladepeche.mr\/index.php?rest_route=%2Fwp%2Fv2%2Fmedia&parent=8146"}],"wp:term":[{"taxonomy":"category","embeddable":true,"href":"https:\/\/ladepeche.mr\/index.php?rest_route=%2Fwp%2Fv2%2Fcategories&post=8146"},{"taxonomy":"post_tag","embeddable":true,"href":"https:\/\/ladepeche.mr\/index.php?rest_route=%2Fwp%2Fv2%2Ftags&post=8146"}],"curies":[{"name":"wp","href":"https:\/\/api.w.org\/{rel}","templated":true}]}}