{"id":8176,"date":"2024-01-04T19:30:38","date_gmt":"2024-01-04T19:30:38","guid":{"rendered":"https:\/\/ladepeche.mr\/?p=8176"},"modified":"2024-01-04T19:30:38","modified_gmt":"2024-01-04T19:30:38","slug":"etats-unis-un-imam-tue-par-balles-devant-sa-mosquee-pres-de-new-york","status":"publish","type":"post","link":"https:\/\/ladepeche.mr\/?p=8176","title":{"rendered":"Etats-Unis : Un imam tu\u00e9 par balles devant sa mosqu\u00e9e pr\u00e8s de New York"},"content":{"rendered":"<p>Selon les autorit\u00e9s, il ne s&#8217;agit pas, selon les premiers \u00e9l\u00e9ments, de terrorisme int\u00e9rieur ou d&#8217;un crime islamophobe<\/p>\n<p>Une communaut\u00e9 endeuill\u00e9e. Un imam a \u00e9t\u00e9 tu\u00e9 par balle mercredi \u00e0 l&#8217;ext\u00e9rieur de sa mosqu\u00e9e de Newark, pr\u00e8s de New York, selon des responsables qui ont \u00e9cart\u00e9 a priori un crime \u00e0 caract\u00e8re raciste.<\/p>\n<p>\u00ab Nous ne connaissons pas pour l&#8217;instant le mobile de ce crime (mais) les preuves rassembl\u00e9es jusqu&#8217;ici n&#8217;indiquent pas d&#8217;acte motiv\u00e9 par des pr\u00e9jug\u00e9s ou du terrorisme int\u00e9rieur \u00bb, a d\u00e9clar\u00e9 lors d&#8217;un point presse le procureur g\u00e9n\u00e9ral de l&#8217;Etat du New Jersey (\u00e9quivalent de ministre local de la Justice), Matthew Platkin.<\/p>\n<p>Le magistrat et son adjoint pour le comt\u00e9 d&#8217;Essex, Ted Stephens, ont indiqu\u00e9 que l&#8217;imam Hassan Sharif, figure locale de Newark, avait \u00e9t\u00e9 touch\u00e9 par plusieurs balles tir\u00e9es en pleine rue mercredi \u00e0 l&#8217;aube et qu&#8217;il \u00e9tait d\u00e9c\u00e9d\u00e9 dans l&#8217;apr\u00e8s-midi \u00e0 l&#8217;h\u00f4pital. Le responsable a lui aussi \u00e9cart\u00e9 la piste du \u00ab terrorisme \u00bb en allusion aux tueries racistes par des supr\u00e9macistes blancs.<\/p>\n<p>Officier de s\u00e9curit\u00e9<\/p>\n<p>Ce sont d&#8217;abord les services de la s\u00e9curit\u00e9 publique de Newark, qui avaient indiqu\u00e9 \u00e0 l&#8217;AFP dans la matin\u00e9e que l&#8217;imam avait \u00e9t\u00e9 gri\u00e8vement bless\u00e9 par un ou plusieurs tirs devant la mosqu\u00e9e de cette ville industrielle et multiculturelle \u00e0 l&#8217;ouest de Manhattan, de l&#8217;autre c\u00f4t\u00e9 du fleuve Hudson. La cha\u00eene CNN a la premi\u00e8re annonc\u00e9 le d\u00e9c\u00e8s de la victime en citant une source polici\u00e8re.<\/p>\n<p>Par ailleurs, \u00ab Hassan Sharif \u00e9tait depuis 2006 officier de s\u00e9curit\u00e9 \u00e0 l&#8217;a\u00e9roport international Newark Liberty \u00bb, a \u00e9crit dans un courriel une porte-parole de l&#8217;Agence am\u00e9ricaine pour la s\u00e9curit\u00e9 dans les transports (TSA). \u00ab Nous sommes profond\u00e9ment attrist\u00e9s d&#8217;apprendre qu&#8217;il est d\u00e9c\u00e9d\u00e9 et transmettons nos condol\u00e9ances \u00e0 sa famille, ses amis et ses coll\u00e8gues \u00bb, a-t-elle confirm\u00e9 \u00e0 l&#8217;AFP.<\/p>\n<p>Avant l&#8217;annonce du d\u00e9c\u00e8s, le gouverneur d\u00e9mocrate du New Jersey Phil Murphy, o\u00f9 r\u00e9sident des centaines de milliers de musulmans et de juifs, a \u00ab assur\u00e9 la communaut\u00e9 musulmane et les fid\u00e8les de toutes croyances que tout serait mis en oeuvre pour leur s\u00e9curit\u00e9 \u00bb. Le s\u00e9nateur d\u00e9mocrate Dick Durbin<\/p>\n<p>Rassemblement pr\u00e9vu<\/p>\n<p>De son c\u00f4t\u00e9, l&#8217;antenne du New Jersey de l&#8217;organisation de d\u00e9fense des musulmans am\u00e9ricains, Council on American-Islamic Relations (Cair), a appel\u00e9 mercredi soir \u00e0 un rassemblement \u00e0 la mosqu\u00e9e de Newark pour \u00ab exiger que le ou les tireurs contre Hassan Sharif se livrent \u00bb aux autorit\u00e9s.<\/p>\n<p>Depuis le d\u00e9but de la guerre \u00e0 Gaza entre Isra\u00ebl et le mouvement palestinien Hamas, les Etats-Unis et en particulier New York et sa r\u00e9gion, dans le nord-est du pays, sont secou\u00e9s par nombre de manifestations, tensions communautaires et quelques violences sporadiques.<\/p>\n<p>La seule ville de New York, peupl\u00e9e de 8,5 millions d&#8217;\u00e2mes, compte pr\u00e8s de deux millions d&#8217;Am\u00e9ricains juifs, deuxi\u00e8me population la plus importante apr\u00e8s Isra\u00ebl, et des centaines de milliers d&#8217;arabes et de musulmans.<\/p>\n<p>M. Platkin a reconnu qu&#8217; \u00bb\u00e0 la lumi\u00e8re des \u00e9v\u00e8nements internationaux, avec une pouss\u00e9e des pr\u00e9jug\u00e9s contre nombre de communaut\u00e9s dans notre Etat &#8212; en particulier les musulmans &#8212; beaucoup dans le New Jersey ressentent davantage de peur et de crainte \u00bb.<\/p>\n<p>20 Minutes avec AFP via cridem<\/p>\n","protected":false},"excerpt":{"rendered":"<p>Selon les autorit\u00e9s, il ne s&#8217;agit pas, selon les premiers \u00e9l\u00e9ments, de terrorisme int\u00e9rieur ou d&#8217;un crime islamophobe Une communaut\u00e9 endeuill\u00e9e. Un imam a \u00e9t\u00e9 tu\u00e9 par balle mercredi \u00e0 l&#8217;ext\u00e9rieur de sa mosqu\u00e9e de Newark, pr\u00e8s de New York, selon des responsables qui ont \u00e9cart\u00e9 a priori un crime \u00e0 caract\u00e8re raciste. \u00ab Nous &hellip;<\/p>\n","protected":false},"author":2,"featured_media":8177,"comment_status":"open","ping_status":"open","sticky":false,"template":"","format":"standard","meta":{"footnotes":""},"categories":[18,29],"tags":[],"class_list":["post-8176","post","type-post","status-publish","format-standard","has-post-thumbnail","hentry","category-actualites","category-monde"],"_links":{"self":[{"href":"https:\/\/ladepeche.mr\/index.php?rest_route=\/wp\/v2\/posts\/8176","targetHints":{"allow":["GET"]}}],"collection":[{"href":"https:\/\/ladepeche.mr\/index.php?rest_route=\/wp\/v2\/posts"}],"about":[{"href":"https:\/\/ladepeche.mr\/index.php?rest_route=\/wp\/v2\/types\/post"}],"author":[{"embeddable":true,"href":"https:\/\/ladepeche.mr\/index.php?rest_route=\/wp\/v2\/users\/2"}],"replies":[{"embeddable":true,"href":"https:\/\/ladepeche.mr\/index.php?rest_route=%2Fwp%2Fv2%2Fcomments&post=8176"}],"version-history":[{"count":1,"href":"https:\/\/ladepeche.mr\/index.php?rest_route=\/wp\/v2\/posts\/8176\/revisions"}],"predecessor-version":[{"id":8178,"href":"https:\/\/ladepeche.mr\/index.php?rest_route=\/wp\/v2\/posts\/8176\/revisions\/8178"}],"wp:featuredmedia":[{"embeddable":true,"href":"https:\/\/ladepeche.mr\/index.php?rest_route=\/wp\/v2\/media\/8177"}],"wp:attachment":[{"href":"https:\/\/ladepeche.mr\/index.php?rest_route=%2Fwp%2Fv2%2Fmedia&parent=8176"}],"wp:term":[{"taxonomy":"category","embeddable":true,"href":"https:\/\/ladepeche.mr\/index.php?rest_route=%2Fwp%2Fv2%2Fcategories&post=8176"},{"taxonomy":"post_tag","embeddable":true,"href":"https:\/\/ladepeche.mr\/index.php?rest_route=%2Fwp%2Fv2%2Ftags&post=8176"}],"curies":[{"name":"wp","href":"https:\/\/api.w.org\/{rel}","templated":true}]}}