{"id":8179,"date":"2024-01-04T19:33:20","date_gmt":"2024-01-04T19:33:20","guid":{"rendered":"https:\/\/ladepeche.mr\/?p=8179"},"modified":"2024-01-04T19:33:20","modified_gmt":"2024-01-04T19:33:20","slug":"le-gouvernement-confirme-la-mort-dorpailleurs-hors-des-frontieres","status":"publish","type":"post","link":"https:\/\/ladepeche.mr\/?p=8179","title":{"rendered":"Le gouvernement confirme la mort d\u2019orpailleurs hors des fronti\u00e8res"},"content":{"rendered":"<p>Le porte-parole du gouvernement, Nani Ould Chrougha, a confirm\u00e9 hier mercredi, dans le cadre de la conf\u00e9rence de presse organis\u00e9e par des membres 3 janvier courant du gouvernement, la mort d\u2019orpailleurs mauritaniens hors fronti\u00e8res du pays, sans toutefois pr\u00e9ciser leur nombre.<\/p>\n<p>Le gouvernement r\u00e9affirme la n\u00e9cessit\u00e9 pour les prospecteurs mauritaniens de s&#8217;engager \u00e0 exercer leurs activit\u00e9s uniquement \u00e0 l&#8217;int\u00e9rieur du territoire nationale, a insist\u00e9 le gouvernement, selon lequel, le pays regorge de sites de prospection aurif\u00e8re et d\u2019autres m\u00e9taux pr\u00e9cieux.<\/p>\n<p>Quatre orpailleurs mauritaniens avaient p\u00e9ri derni\u00e8rement \u00e0 la suite du bombardement de leurs v\u00e9hicules qui s\u2019\u00e9taient infiltr\u00e9s dans des zones se trouvant hors du pays, avaient rapport\u00e9 plusieurs m\u00e9dias locaux mauritaniens, selon lesquels, le drame avait eu pour th\u00e9atre, une zone d\u2019exclusion militaire au Sahara.<\/p>\n<p>Un premier bilan avait fait \u00e9tat de la mort de quatre orpailleurs mauritaniens originaires de la ville mini\u00e8re de Zou\u00e9rate, apr\u00e8s \u00ab l\u2019explosion de leurs trois v\u00e9hicules \u00bb pr\u00e8s de la localit\u00e9 de Gleibat El Foula, situ\u00e9e \u00e0 l\u2019est du berm de d\u00e9fense des Forces arm\u00e9es royales (FAR), avait-on rapport\u00e9.<br \/>\nrimnow via cridem<\/p>\n","protected":false},"excerpt":{"rendered":"<p>Le porte-parole du gouvernement, Nani Ould Chrougha, a confirm\u00e9 hier mercredi, dans le cadre de la conf\u00e9rence de presse organis\u00e9e par des membres 3 janvier courant du gouvernement, la mort d\u2019orpailleurs mauritaniens hors fronti\u00e8res du pays, sans toutefois pr\u00e9ciser leur nombre. Le gouvernement r\u00e9affirme la n\u00e9cessit\u00e9 pour les prospecteurs mauritaniens de s&#8217;engager \u00e0 exercer leurs &hellip;<\/p>\n","protected":false},"author":2,"featured_media":5735,"comment_status":"open","ping_status":"open","sticky":false,"template":"","format":"standard","meta":{"footnotes":""},"categories":[18,29],"tags":[],"class_list":["post-8179","post","type-post","status-publish","format-standard","has-post-thumbnail","hentry","category-actualites","category-monde"],"_links":{"self":[{"href":"https:\/\/ladepeche.mr\/index.php?rest_route=\/wp\/v2\/posts\/8179","targetHints":{"allow":["GET"]}}],"collection":[{"href":"https:\/\/ladepeche.mr\/index.php?rest_route=\/wp\/v2\/posts"}],"about":[{"href":"https:\/\/ladepeche.mr\/index.php?rest_route=\/wp\/v2\/types\/post"}],"author":[{"embeddable":true,"href":"https:\/\/ladepeche.mr\/index.php?rest_route=\/wp\/v2\/users\/2"}],"replies":[{"embeddable":true,"href":"https:\/\/ladepeche.mr\/index.php?rest_route=%2Fwp%2Fv2%2Fcomments&post=8179"}],"version-history":[{"count":1,"href":"https:\/\/ladepeche.mr\/index.php?rest_route=\/wp\/v2\/posts\/8179\/revisions"}],"predecessor-version":[{"id":8180,"href":"https:\/\/ladepeche.mr\/index.php?rest_route=\/wp\/v2\/posts\/8179\/revisions\/8180"}],"wp:featuredmedia":[{"embeddable":true,"href":"https:\/\/ladepeche.mr\/index.php?rest_route=\/wp\/v2\/media\/5735"}],"wp:attachment":[{"href":"https:\/\/ladepeche.mr\/index.php?rest_route=%2Fwp%2Fv2%2Fmedia&parent=8179"}],"wp:term":[{"taxonomy":"category","embeddable":true,"href":"https:\/\/ladepeche.mr\/index.php?rest_route=%2Fwp%2Fv2%2Fcategories&post=8179"},{"taxonomy":"post_tag","embeddable":true,"href":"https:\/\/ladepeche.mr\/index.php?rest_route=%2Fwp%2Fv2%2Ftags&post=8179"}],"curies":[{"name":"wp","href":"https:\/\/api.w.org\/{rel}","templated":true}]}}